{"id":19013,"date":"2022-02-03T15:07:45","date_gmt":"2022-02-03T14:07:45","guid":{"rendered":"https:\/\/ostrow-mazowiecki.bpm.wrotamazowsza.pl\/terapia-pedagogiczna\/"},"modified":"2024-10-09T15:48:35","modified_gmt":"2024-10-09T13:48:35","slug":"terapia-pedagogiczna","status":"publish","type":"post","link":"https:\/\/bpostrow.pl\/en\/terapia-pedagogiczna\/","title":{"rendered":"TERAPIA PEDAGOGICZNA"},"content":{"rendered":"\n<p>Opublikowano 27 stycznia 2021 o godzinie 11:32 autor\u00a0Edyta Dobek<\/p>\n\n\n\n<p><strong>Terapia pedagogiczna<\/strong><br>Zestawienie bibliograficzne ksi\u0105\u017cek i artyku\u0142\u00f3w z czasopism za lata 2010-2020 dost\u0119pnych w Bibliotece Pedagogicznej w Ostro\u0142\u0119ce.<\/p>\n\n\n\n<p><strong>Ksi\u0105\u017cki<\/strong><\/p>\n\n\n\n<ol class=\"wp-block-list\"><li>Arteterapia. Cz. 1 \/ pod red. nauk. Bartosza \u0141ozy i Aleksandry Chmielnickiej-Plaskoty. -Warszawa : Difin, 2014. Sygn. W 72054, P 75319<\/li><li>Arteterapia. Cz. 2 \/ pod red. nauk. Bartosza \u0141ozy i Aleksandry Chmielnickiej-Plaskoty. \u2013 Warszawa : Difin, 2014. Sygn. W 72055, P 75320<\/li><li>Arteterapia. Cz. 3 \/ pod red. nauk. Bartosza \u0141ozy i Aleksandry Chmielnickiej-Plaskoty. \u2013 Warszawa : Difin, 2016. Sygn. W 77272, P 77185<\/li><li>Arteterapia. Cz. 4, Arteterapia indywidualna \/ pod red. nauk. Bartosza \u0141ozy i Aleksandry Chmielnickiej-Plaskoty. \u2013 Warszawa : Difin, 2020. Sygn. W 82047<\/li><li>Arteterapia dla dzieci : propozycje \u0107wicze\u0144 plastycznych i pomys\u0142y na dialogi z najm\u0142odszymi \/ Ewa Baranowska-Jojko. \u2013 Gda\u0144sk : Wydawnictwo Harmonia, 2018. Sygn. W 79255<\/li><li>Arteterapia dla dzieci i m\u0142odzie\u017cy : scenariusze zaj\u0119\u0107 \/ Wies\u0142aw Karolak. \u2013 \u0141\u00f3d\u017a : Wydawnictwo Uniwersytetu \u0141\u00f3dzkiego, 2019. Sygn. P 81127<\/li><li>Arteterapia : inspiracje i warto\u015bci \/ Tomasz Rudowski. \u2013 Warszawa : Eneteia Wydawnictwo Psychologii i Kultury, 2014. Sygn. W 71408<\/li><li>Arteterapia i warsztaty edukacji tw\u00f3rczej \/ Maja Sta\u0144ko-Kaczmarek. \u2013 Warszawa : Difin, 2013. Sygn. W 72298<\/li><li>Arteterapie : j\u0119zyk wizualny w terapiach tw\u00f3rczo\u015bci i sztuce \/ Wies\u0142aw Karolak. \u2013 Warszawa : Difin, 2014. Sygn. W 76817<\/li><li>Arteterapia : narodziny idei, ewolucja teorii, rozw\u00f3j praktyki \/ Wita Szulc. \u2013 Warszawa : Difin, 2011. Sygn. W 70637, W 70638, P 68380<\/li><li>Arteterapia : przygoda i porz\u0105dek \/ Wies\u0142aw Karolak. \u2013 Warszawa : Difin, 2017. Sygn. W 79039<\/li><li>Arteterapia : scenariusze zaj\u0119\u0107 \/ Anna Pika\u0142a, Magdalena Sasin. \u2013 \u0141\u00f3d\u017a : Wydawnictwo Uniwersytetu \u0141\u00f3dzkiego, 2016. Sygn. W 76897<\/li><li>Arteterapia w dzia\u0142aniu : propozycje warsztat\u00f3w i dzia\u0142a\u0144 arteterapeutycznych \/ Anna Gli\u0144ska-Lachowicz. \u2013 Warszawa : Difin, 2016. Sygn. W 76176<\/li><li>Arteterapia w pracy pedagoga : teoretyczne i praktyczne podstawy terapii przez sztuk\u0119 \/ Joanna G\u0142adyszewska-Cylulko. \u2013 Krak\u00f3w : Oficyna Wydawnicza \u201eImpuls\u201d, 2011. Sygn. W 68416, W 70639, P 67901<\/li><li>Autism Movement Therapy : terapia ta\u0144cem i ruchem dla os\u00f3b z autyzmem : budzimy m\u00f3zg ! \/ Joanne Lara ; wsp\u00f3\u0142praca Keri Bowers ; przedmowa Stephen M. Shore ; [przek\u0142ad Adrianna Kotowska]. \u2013 Gda\u0144sk : Harmonia Universalis, 2017. Sygn. W 78122<\/li><li>Autoarteterapie \/ Wies\u0142aw Karolak, Barbara Karolak. \u2013 Warszawa : Difin, 2019. Sygn. W 81128<\/li><li>Collage w tw\u00f3rczym rozwoju i arteterapii \/ Wies\u0142aw Karolak, Olga Handford. \u2013 Warszawa : Wydawnictwo Akademii Pedagogiki Specjalnej, 2011. Sygn. W 68998<\/li><li>Dziecku mo\u017cna pom\u00f3c : terapia pedagogiczna : praca zbiorowa \/ pod red. Henryki Pelczar, El\u017cbiety Czy\u017cowskiej. \u2013 Rzesz\u00f3w : CDN, 1990. Sygn. W 1873 br.<\/li><li>Edukacyjny i terapeutyczny aspekt sztuki \/ pod red. Anny Marty \u017bukowskiej. \u2013 Lublin : Wydawnictwo Uniwersytetu Marii Curie-Sk\u0142odowskiej, 2013. Sygn. W 71208<\/li><li>Filmoterapia : scenariusze zaj\u0119\u0107 w edukacji filmowej dzieci i doros\u0142ych \/ Ewa Warmuz- Warmuzi\u0144ska. \u2013 Warszawa : Difin, 2015. Sygn. W 75281<\/li><li>Magia ogrod\u00f3w czyli O terapeutycznej funkcji ogrod\u00f3w \/ Irena Borecka. \u2013 Krak\u00f3w : Oficyna Wydawnicza Impuls, 2010. Sygn. W 71022<\/li><li>Psychoterapia ta\u0144cem i ruchem. [2], Terapia indywidualna i grupowa \/ red. Zuzanna P\u0119dzich. \u2013 Sopot : Gda\u0144skie Wydawnictwo Psychologiczne, 2014. Sygn. W 70790, W 70574, P 70573<\/li><li>Psychologia tw\u00f3rczo\u015bci plastycznej \/ Stanis\u0142aw Leon Popek. \u2013 Krak\u00f3w : Oficyna Wydawnicza Impuls, 2010. Sygn. W 67596, W 73187<\/li><li>Psychologia tw\u00f3rczo\u015bci w praktyce : 30 tw\u00f3rczych oraz magicznych metod pracy rozwojowej \/ Amy Mindell ; przek\u0142ad z j\u0119zyka angielskiego, redakcja: Robert Palusi\u0144ski. \u2013 Katowice : Wydawnictwo KOS copyright\u00a9, 2019. Sygn. W 81576, W 80404<\/li><li>Psychoterapia ta\u0144cem i ruchem. [1], Teoria i praktyka \/ red. Zuzanna P\u0119dzich. \u2013 Sopot : Gda\u0144skie Wydawnictwo Psychologiczne, 2014. Sygn. W 70789, W 70883, P 70884<\/li><li>Rozwojowe wzg\u00f3rze : program rozwoju osobistego dla dzieci z elementami arteterapii \/ Ewa Baranowska-Jojko, Aleksandra Wiechu\u0142a. \u2013 Gda\u0144sk : Wydawnictwo Harmonia, 2016. Sygn. W 76282<\/li><li>Rysunek w arteterapiach, tw\u00f3rczo\u015bci i sztuce \/ Wies\u0142aw Karolak. \u2013 Warszawa: Difin, 2015. Sygn. W 72553<\/li><li>Studia nad arteterapi\u0105 w uj\u0119ciu aksjologiczno-psychologicznym \/ Tomasz Rudowski. \u2013 Warszawa : Difin, 2014. Sygn. W 71337<\/li><li>Techniki socjoterapeutyczne w pracy z dzieckiem agresywnym \/ Renata Szczepanik, Agnieszka Jaros. \u2013 \u0141\u00f3d\u017a : Wydawnictwo Uniwersytetu \u0141\u00f3dzkiego, 2016. Sygn. W 76070, W 76929<\/li><li>Terapia pedagogiczna. T. 1, Zaburzenia rozwoju psychoruchowego dzieci \/ pod red. nauk. Ewy Ma\u0142gorzaty Skorek. \u2013 Krak\u00f3w : Oficyna Wydawnicza Impuls, 2007. Sygn. W 64483<\/li><li>Terapia pedagogiczna. T. 1, Zaburzenia rozwoju psychoruchowego dzieci \/ pod red. nauk. Ewy Ma\u0142gorzaty Skorek. \u2013 Krak\u00f3w : Impuls, 2005. Sygn. W 73274<\/li><li>Terapia pedagogiczna. [T] 1, Wybrane zagadnienia \/ red. nauk. Ewa Ma\u0142gorzata Skorek. \u2013 Krak\u00f3w : \u201eImpuls\u201d, 2004. Sygn. W 53557, W 53789, W 54136, W 54137, P 54138<\/li><li>Terapia pedagogiczna. T. 2, Zagadnienia praktyczne i propozycje zaj\u0119\u0107 \/ pod red. nauk. Ewy Ma\u0142gorzaty Skorek. \u2013 Krak\u00f3w : Oficyna Wydawnicza Impuls, 2007. Sygn. W 64482<\/li><li>Terapia pedagogiczna. T. 2, Zagadnienia praktyczne i propozycje zaj\u0119\u0107 \/ pod red. nauk. Ewy Ma\u0142gorzaty Skorek. \u2013 Krak\u00f3w : Oficyna Wydawnicza Impuls, 2005. Sygn. W 73273<\/li><li>Terapia pedagogiczna. [T] 2, Zagadnienia praktyczne i propozycje zaj\u0119\u0107 \/ red. nauk. Ewa Ma\u0142gorzata Skorek. \u2013 Krak\u00f3w : \u201eImpuls\u201d, 2004. Sygn. W 53558, W 53790, W 54139, W 54140, P 54141<\/li><li>Terapia pedagogiczna : scenariusze zaj\u0119\u0107 : poradnik dla terapeuty i nauczyciela \/ Anna Radwa\u0144ska. \u2013 Warszawa : Difin, 2018. Sygn. W 79476, W 81302<\/li><li>Terapia pedagogiczna : przewodnik bibliograficzny \/ oprac. Marta Bogdanowicz. \u2013 Gda\u0144sk : Harmonia. 2005. Sygn. P 55726<\/li><li>Terapia pedagogiczna : scenariusze zaj\u0119\u0107 \/ pod red. Violetty Florkiewicz. \u2013 \u0141\u00f3d\u017a : Wydaw. Wy\u017cszej Szko\u0142y Humanistyczno-Ekonomicznej, 2003. Sygn. W 54819<\/li><li>Terapia pedagogiczna dzieci ze specjalnymi potrzebami rozwojowymi i edukacyjnymi : nowe oblicza terapii w pedagogice specjalnej \/ red. Zofia Palak, Magdalena W\u00f3jcik. \u2013 Lublin : Wydawnictwo Uniwersytetu Marii Curie-Sk\u0142odowskiej, 2016. Sygn. W 77608<\/li><li>Terapia pedagogiczna w teorii i praktyce \/ red. nauk. Antoni Balejko, Monika Zi\u0144czuk; Uniwersytet w Bia\u0142ymstoku. Wydzia\u0142 Pedagogiki i Psychiologii[!]. Podyplomowe Studium Terapii Pedagogicznej. \u2013 Bia\u0142ystok : Wydawnictwo \u201eLogopeda Radzi\u201d, 2006. Sygn. W 62638<\/li><li>Tw\u00f3rcze podr\u00f3\u017ce plastyczne : wykorzystanie sztuki w terapii i arteterapii \/ Alina Arciszewska-Binnebesel. \u2013 Gda\u0144sk : Wydawnictwo Harmonia, 2020. Sygn. W 82731<\/li><li>Wspomaganie rozwoju dzieci nie\u015bmia\u0142ych poprzez wizualizacj\u0119 i inne techniki arteterapii \/ Joanna G\u0142adyszewska-Cylulko. \u2013 Krak\u00f3w : Oficyna Wydawnicza \u201eImpuls\u201d, 2019. Sygn. W 80457, W 80458<\/li><li>Zabawa sztuk\u0105 : socjoterapeutyczne wsparcie dzieci nadpobudliwych i nie\u015bmia\u0142ych w wieku przedszkolnym \/ Miros\u0142aw Kisiel, Magdalena Zra\u0142ek-Wolny ; [recenzent dr hab. Lidia Katary\u0144czuk-Mania, prof. UZ]. \u2013 Warszawa : Difin, 2019. Sygn. W 81607, W 81670<\/li><\/ol>\n\n\n\n<p><strong>Artyku\u0142y z czasopism<\/strong><\/p>\n\n\n\n<ol class=\"wp-block-list\"><li>9 dni w wi\u0119zieniu, czyli o sadzeniu r\u00f3\u017c na spalonej ziemi \/ Izabela Kowalik. \/\/ Biblioterapeuta. \u2013 2013, nr 4, s. 48-53<\/li><li>Arterapia w edukacji wczesnoszkolnej \/ Katarzyna Sadowska. \/\/ \u017bycie Szko\u0142y. \u2013 2013, nr 6, s. 4-7<\/li><li>Arteterapia : scenariusze zaj\u0119\u0107 integracyjnych, relaksacyjnych i ruchowych (szko\u0142a podstawowa i gimnazjum). Cz. 1 \/ Ilona Go\u0142\u0119biewska. \/\/ Wychowawca. \u2013 2014, nr 12, s. 27-28<\/li><li>Arteterapia : scenariusze zaj\u0119\u0107 integracyjnych, relaksacyjnych i ruchowych (szko\u0142a podstawowa i gimnazjum). Cz. 2 \/ Ilona Go\u0142\u0119biewska. \/\/ Wychowawca. \u2013 2015, nr 1, s. 30-32<\/li><li>Arteterapia \/ Marta P\u0105gowska. \/\/ Niepe\u0142nosprawno\u015b\u0107 i Rehabilitacja. \u2013 2011, nr 3, s. 62-75<\/li><li>Arteterapia \u2013 leczenie sztuk\u0105 \/ Mateusz Wiszniewski. \/\/ Terapia Uzale\u017cnienia i Wsp\u00f3\u0142uzale\u017cnienia. \u2013 2019, nr 1, s. 32-34<\/li><li>Arteterapia \u2013 pomoc w prze\u017cywaniu i wyra\u017caniu emocji \/ Bogus\u0142awa Brymora. \/\/ Wychowanie Na Co Dzie\u0144. \u2013 2013, nr 9, dod. Wk\u0142adka Metodyczna, s. VII-VIII<\/li><li>Arteterapia \u2013 pomoc w prze\u017cywaniu i wyra\u017caniu emocji \/ Danuta Bula. \/\/ Wychowawca. \u2013 2012, nr 1, s. 14-15<\/li><li>Arteterapia : \u017ar\u00f3d\u0142a i wsp\u00f3\u0142czesno\u015b\u0107 \/ Magdalena Kucza-Kuczy\u0144ska. \/\/ Remedium. \u2013 2020, nr 7\/8, s. 50-52<\/li><li>Arteterapia dla przedszkolaka : zabawy plastyczne i ruchowe wspomagaj\u0105ce rozw\u00f3j ma\u0142ego dziecka \/ Anna Kalbarczyk. \/\/ Wychowanie w Przedszkolu. \u2013 2019, nr 7, s. 60-63<\/li><li>Arteterapia i techniki projekcyjne w pracy z dzie\u0107mi i m\u0142odzie\u017c\u0105 \/ Maja Vogt-Kostecka. \/\/ Remedium. \u2013 2017, nr 7\/8, s. 39-41<\/li><li>Arteterapia jako forma oddzia\u0142ywania na dziecko \/ Ilona Go\u0142\u0119biewska. \/\/ \u017bycie Szko\u0142y. \u2013 2011, nr 2, s.12-15<\/li><li>Arteterapia jako forma pracy z dzieckiem z upo\u015bledzeniem umys\u0142owym \/ Ewa Grudziewska. \/\/ Szko\u0142a Specjalna. \u2013 2010, nr 3, s. 194-200<\/li><li>Arteterapia w oddzia\u0142ywaniach edukacyjno-terapeutycznych \/ Beata Hoffmann. \/\/ Problemy Opieku\u0144czo-Wychowawcze. \u2013 2015, nr 9, s. 38-43<\/li><li>Arteterapia w przedszkolu \/ Mariola Napi\u00f3rkowska. \/\/ Wychowanie w Przedszkolu. \u2013 2010, nr 11, s. 20-23<\/li><li>Arteterapia w przedszkolu, czyli jak poznawa\u0107 dziecko za pomoc\u0105 sztuki \/ Joanna Fronczak. \/\/ Wychowanie w Przedszkolu. \u2013 2015, nr 10, s. 2-5<\/li><li>Arteterapia w s\u0142u\u017cbie inteligencji emocjonalnej \/ Danuta Bula. \/\/ J\u0119zyk Polski w Szkole IV-VI. \u2013 2012\/2013, nr 4, s. 22-32<\/li><li>Arteterapia w warunkach szkolnych \/ Anna Wojtalewicz ; rozm. przepr. Ma\u0142gorzata Ofman. \/\/ Magazyn Trenera. \u2013 2015, nr 1 (36), s. 43-45<\/li><li>By\u0142 sobie papier, czyli arteterapia dla przedszkolaka : zabawy plastyczne i ruchowe wspomagaj\u0105ce rozw\u00f3j ma\u0142ego dziecka \/ Anna Kalbarczyk. \/\/ Wychowanie w Przedszkolu. -2020, nr 1, s. 58-60<\/li><li>By\u0142 sobie papier, czyli arteterapia dla przedszkolaka : zabawy plastyczne i ruchowe wspomagaj\u0105ce rozw\u00f3j ma\u0142ego dziecka \/ Anna Kalbarczyk. \/\/ Wychowanie w Przedszkolu. \u2013 2020, nr 4\/5, s. 48-50<\/li><li>By\u0142 sobie papier, czyli arteterapia dla przedszkolaka : ucz\u0119 si\u0119 wycina\u0107 \u2013 naci\u0119cia i z\u0142o\u017cenia \/ Anna Kalbarczyk. \/\/ Wychowanie w Przedszkolu. \u2013 2020, nr 2, s. 37-39<\/li><li>By\u0142 sobie papier, czyli arteterapia dla przedszkolaka : ju\u017c wycinam. Moja artystyczna ksi\u0105\u017cka. \u0106wiczenia plastyczne dla dzieci w wieku 5-6 lat \/ Anna Kalbarczyk. \/\/ Wychowanie w Przedszkolu. \u2013 2020, nr 6, s. 52-54<\/li><li>By\u0142 sobie papier, czyli arteterapia dla przedszkolaka : zabawy plastyczne i ruchowe wspomagaj\u0105ce rozw\u00f3j ma\u0142ego dziecka \/ Anna Kalbarczyk. \/\/ Wychowanie w Przedszkolu. \u2013 2020, nr 3, s. 40-42<\/li><li>By\u0142 sobie papier czyli arteterapia dla przedszkolaka \/ Anna Kalbarczyk. \/\/ Wychowanie w Przedszkolu. \u2013 2020, nr 8, s. 48-50<\/li><li>By\u0142 sobie papier, czyli arteterapia dla przedszkolaka : zabawy plastyczne i ruchowe wspomagaj\u0105ce rozw\u00f3j ma\u0142ego dziecka \/ Anna Kalbarczyk. \/\/ Wychowanie w Przedszkolu. \u2013 2019, nr 9, s. 56-58<\/li><li>By\u0142 sobie papier, czyli arteterapia dla przedszkolaka : zabawy plastyczne i ruchowe wspomagaj\u0105ce rozw\u00f3j ma\u0142ego dziecka \/ Anna Kalbarczyk. \/\/ Wychowanie w Przedszkolu. \u2013 2019, nr 10, s. 61-63<\/li><li>\u0106wiczenia arteterapeutyczne z okazji Dnia Ochrony Praw Dziecka \/ Ewa Baranowska-Jojko, Aleksandra Wiechu\u0142a. \/\/ Wychowanie w Przedszkolu. \u2013 2017, nr 10, s. 37-41<\/li><li>\u0106wiczenia arteterapeutyczne z okazji Dnia Pisma R\u0119czego \/ Ewa Baranowska-Jojko, Aleksandra Wiechu\u0142a. \/\/ Wychowanie w Przedszkolu. \u2013 2018, nr 1, s. 30-35<\/li><li>\u0106wiczenia arteterapeutyczne z okazji \u015awiatowego Dnia Drzewa oraz Dnia Krajobrazu \/ Ewa Baranowska-Jojko, Aleksandra Wiechu\u0142a. \/\/ Wychowanie w Przedszkolu. \u2013 2017, nr 8, s. 15-20<\/li><li>Czego potrzebuje smutek? \u2013 scenariusz zaj\u0119\u0107 z elementami arteterapii \/ Barbara Paj\u0105k. \/\/ Biblioteka w Szkole. \u2013 2020, nr 9, s. 37-39<\/li><li>Czy zawsze warto by\u0107 pos\u0142usznym? : (scenariusz zaj\u0119\u0107 arteterapeutycznych dla klas IV-VI) \/ Barbara Beata Sarti. \/\/ Wszystko dla Szko\u0142y. \u2013 2010, nr 9, s. 24-25<\/li><li>Dzia\u0142ania arteterapeutyczne w resocjalizacji \/ Janina Florczykiewicz. \/\/ Opieka Wychowanie Terapia. \u2013 2010, nr 1\/2, s.49-55<\/li><li>Dzia\u0142ania arteterapeutyczne w wi\u0119zieniu przy ul. Fio\u0142kowej we Wroc\u0142awiu w roku szkolnym 2012\/2013 \/ Anna Morawiecka, El\u017cbieta Pietralczyk, Katarzyna Iwanio. \/\/ Biblioterapeuta. \u2013 2013, nr 4, s. 43-45<\/li><li>Dzie\u0144 Niezapominajki \/ Ewa Baranowska-Jojko, Aleksandra Wiechu\u0142a. \/\/ Wychowanie w Przedszkolu. \u2013 2018, nr 4, s. 30-35<\/li><li>Dzie\u0144 Rodze\u0144stwa \/ Ewa Baranowska-Jojko, Aleksandra Wiechu\u0142a. \/\/ Wychowanie w Przedszkolu. \u2013 2018, nr 3, s. 30-35<\/li><li>Ekspresja s\u0142owna dziecka w dialogu z otoczeniem, czyli o relacji pomi\u0119dzy arteterapi\u0105 dzieci a teori\u0105 Freineta \/ Kinga Anna Gajda. \/\/ J\u0119zyk Polski w Szkole IV-VI. \u2013 2010\/2011, nr 3, s. 9-24<\/li><li>Lolek-Mato\u0142ek, czyli szacunek dla ka\u017cdego : scenariusz zaj\u0119\u0107 bibliotecznych z wykorzystaniem technik biblioterapii oraz arterapii \/ Barbara Poli\u0144ska. \/\/ Biblioteka w Szkole. \u2013 2018, nr 7\/8, s. 40-41<\/li><li>Magia terapii : formy uczestnictwa os\u00f3b niepe\u0142nosprawnych w dzia\u0142alno\u015bci biblioteki \/ Marlena Tosik. \/\/ Poradnik Bibliotekarza. \u2013 2018, nr 5, s. 35-37<\/li><li>Magiczna wo\u0144 pomara\u0144czy \/ Ma\u0142gorzata \u0141oskot. \/\/ G\u0142os Pedagogiczny \u2013 2013, nr 1 (45), s. 48-49<\/li><li>Miejsce i rola tw\u00f3rczo\u015bci w terapii os\u00f3b doros\u0142ych z niepe\u0142nosprawno\u015bci\u0105 na przyk\u0142adzie zaj\u0119\u0107 terapeutycznych realizowanych w o\u015brodku wsparcia dziennego: \u015arodowiskowym Domu Samopomocy \u201ePracownia Rozwijania Tw\u00f3rczo\u015bci Os\u00f3b Niepe\u0142nosprawnych\u201d \u2026 \/\/ Wychowanie Na Co Dzie\u0144. \u2013 2011, nr 12, dod. Wk\u0142adka Metodyczna nr 12, s. V-VII<\/li><li>Moja w\u0142asna wojna : scenariusz zaj\u0119\u0107 z wykorzystaniem technik biblioterapii oraz arteterapii \/ Barbara Poli\u0144ska. \/\/ Biblioteka w Szkole. \u2013 2019, nr 1, s. 44-47<\/li><li>Motyle i owady \u2013 przyroda naszych ogrod\u00f3w i \u0142\u0105k \/ Ewa Baranowska-Jojko, Aleksandra Wiechu\u0142a. \/\/ Wychowanie w Przedszkolu. \u2013 2018, nr 6, s. 29-34<\/li><li>Multimodalno\u015b\u0107 arteterapii w ba\u015bniowym \u015bwiecie kamishibai \/ Wanda Matras-Mastalerz. \/\/ Biblioterapeuta. \u2013 2014, nr 2, s. 22-30<\/li><li>Niewidzialna r\u0119ka \/ Anna Raczy\u0144ska. \/\/ Edukacja i Dialog. \u2013 2012, nr 7\/8, s. 38-41<\/li><li>Nowe media w arteterapii \/ Aleksandra Chmielnicka-Plaskota, Janina Florczykiewicz. \/\/ Szko\u0142a Specjalna. \u2013 2020, nr 1, s. 54-66<\/li><li>Powr\u00f3t do krainy dzieci\u0144stwa : zaj\u0119cia biblioteczne z elementami biblioterapii i arteterapii \/ Milena Jaszczyk. \/\/ Poradnik Bibliotekarza. \u2013 2019, nr 3, s. 40<\/li><li>Program psychoedukacyjny z elementami biblioterapii pt. \u201ePodr\u00f3\u017c ku warto\u015bciom\u201d \/ Agnieszka Haber. \/\/ Biblioterapeuta. \u2013 2018, nr 4, s. 18-48<\/li><li>Recepta na szcz\u0119\u015bcie : warsztaty dla dzieci z elementami arteterapii \/ Milena Jaszczyk. \/\/ Poradnik Bibliotekarza. \u2013 2020, nr 10, s. 38-40<\/li><li>Rola technik arteterapeutycznych w edukacji uczni\u00f3w wybitnie zdolnych \/ Barbara Cichy- Jasiocha. \/\/ J\u0119zyki Obce w Szkole. \u2013 2018, nr 3, s. 19-22<\/li><li>SPA \u2013 soma i psyche w arte-terapii uzale\u017cnie\u0144 \/ Iwona Malorny. \/\/ Wychowanie Na Co Dzie\u0144. \u2013 2012, nr 10\/11, dod. Wk\u0142adka Metodyczna nr 10\/11, s. X-XII<\/li><li>Sztuka jako terapia \/ Ewa Baranowska-Jojko, Aleksandra Wiechu\u0142a. \/\/ Wychowanie w Przedszkolu. \u2013 2017, nr 7, s. 26-30<\/li><li>Teoria arteterapii Tomasza Rudowskiego \u2013 implikacje do resocjalizacji przez sztuk\u0119 \/ Janina Florczykiewicz. \/\/ Szko\u0142a Specjalna. \u2013 2010, nr 3, s. 176-185<\/li><li>Terapia pedagogiczna : wprowadzenie \/ Adam Stankowski. \/\/ Chowanna. \u2013 2009, T. 1, s. 9-32<\/li><li>Terapia pedagogiczna w uj\u0119ciu teoretycznym i praktycznym \/ Barbara Ska\u0142bania, Andrzej Gretkowski. \/\/ Problemy Opieku\u0144czo-Wychowawcze. \u2013 2015, nr 4, s. 10-17<\/li><li>Uzdrawiaj\u0105ca moc sztuki \/ Ilona Go\u0142\u0119biewska. \/\/ Wychowawca. \u2013 2014, nr 12, s. 15-17<\/li><li>Warsztat tw\u00f3rczy jako przestrze\u0144 tw\u00f3rczego konstytuowania siebie. Teoretyczne podstawy zastosowania warsztatu tw\u00f3rczego w rehabilitacji os\u00f3b niepe\u0142nosprawnych \/ Eugeniusz J\u00f3zefowski, Janina Florczykiewicz. \/\/ Szko\u0142a Specjalna. \u2013 2016, nr 1, s. 17-25<\/li><li>Wiem, \u017ce sztuka odgrywa rol\u0119 terapeutyczn\u0105 \/ Magdalena Wo\u017aniak-Mellissourgakis ; rozm. Magdalena Meissner. \/\/ Remedium. \u2013 2020, nr 12, s. 20-22<\/li><li>Wsp\u00f3\u0142czesny polonista jako (nie)\u015bwiadomy terapeuta \/ Katarzyna Nogie\u0107. \/\/ J\u0119zyki Obce w Szkole. \u2013 2011\/2012, nr 1, s. 7-12<\/li><li>Wspomaganie zdrowia w okresie p\u00f3\u017anego dzieci\u0144stwa przez ekspresj\u0119 plastyczn\u0105 \/ Anna Stawecka. \/\/ Nauczanie Pocz\u0105tkowe. \u2013 2010\/2011, nr 1, s.49-58<\/li><li>Wykorzystanie arteterapii w pracy z dzie\u0107mi rodzic\u00f3w migruj\u0105cych zarobkowo \/ Anna Stawecka. \/\/ Nauczanie Pocz\u0105tkowe. \u2013 2015\/2016, nr 3, s. 67-73<\/li><li>Wykorzystanie arteterapii w pracy z dzie\u0107mi s\u0142abowidz\u0105cymi w wieku przedszkolnym \/ Marta Janeczko-Czekirda. \/\/ Problemy Opieku\u0144czo-Wychowawcze. \u2013 2017, nr 8, s. 14-23<\/li><li>Wykorzystanie \u015brodk\u00f3w ekspresji w nauczaniu j\u0119zyka obcego \/ Nika Fronc-Iniewicz. \/\/ J\u0119zyki Obce w Szkole. \u2013 2020, nr 2, s. 101-106<\/li><li>Wyra\u017canie ekspresji w metodzie dynamicznych obraz\u00f3w \/ Dorota Dziamska. \/\/ Wychowanie w Przedszkolu. \u2013 2020, nr 2, s. 57-60<\/li><li>Zaj\u0119cia z arteterapii : scenariusz \/ Ilona Go\u0142\u0119biewska. \/\/ \u017bycie Szko\u0142y. \u2013 2011, nr 2, s.22-25<\/li><li>Znaczenie arteterapii w pracy z dzie\u0107mi niepe\u0142nosprawnymi \/ Dagna Czerwonka. \/\/ Wychowanie Na Co Dzie\u0144. \u2013 2011, nr 12, s. 31-35<\/li><\/ol>\n","protected":false},"excerpt":{"rendered":"<p>Opublikowano 27 stycznia 2021 o godzinie 11:32 autor\u00a0Edyta Dobek Terapia pedagogicznaZestawienie bibliograficzne ksi\u0105\u017cek i artyku\u0142\u00f3w z czasopism za lata 2010-2020 [&hellip;]<\/p>\n","protected":false},"author":205,"featured_media":0,"comment_status":"closed","ping_status":"closed","sticky":false,"template":"","format":"standard","meta":{"_acf_changed":false,"_oasis_is_in_workflow":0,"_oasis_original":0,"inline_featured_image":false,"site-sidebar-layout":"default","site-content-layout":"","ast-site-content-layout":"default","site-content-style":"default","site-sidebar-style":"default","ast-global-header-display":"","ast-banner-title-visibility":"","ast-main-header-display":"","ast-hfb-above-header-display":"","ast-hfb-below-header-display":"","ast-hfb-mobile-header-display":"","site-post-title":"","ast-breadcrumbs-content":"","ast-featured-img":"","footer-sml-layout":"","ast-disable-related-posts":"","theme-transparent-header-meta":"","adv-header-id-meta":"","stick-header-meta":"","header-above-stick-meta":"","header-main-stick-meta":"","header-below-stick-meta":"","astra-migrate-meta-layouts":"default","ast-page-background-enabled":"default","ast-page-background-meta":{"desktop":{"background-color":"","background-image":"","background-repeat":"repeat","background-position":"center center","background-size":"auto","background-attachment":"scroll","background-type":"","background-media":"","overlay-type":"","overlay-color":"","overlay-opacity":"","overlay-gradient":""},"tablet":{"background-color":"","background-image":"","background-repeat":"repeat","background-position":"center center","background-size":"auto","background-attachment":"scroll","background-type":"","background-media":"","overlay-type":"","overlay-color":"","overlay-opacity":"","overlay-gradient":""},"mobile":{"background-color":"","background-image":"","background-repeat":"repeat","background-position":"center center","background-size":"auto","background-attachment":"scroll","background-type":"","background-media":"","overlay-type":"","overlay-color":"","overlay-opacity":"","overlay-gradient":""}},"ast-content-background-meta":{"desktop":{"background-color":"var(--ast-global-color-5)","background-image":"","background-repeat":"repeat","background-position":"center center","background-size":"auto","background-attachment":"scroll","background-type":"","background-media":"","overlay-type":"","overlay-color":"","overlay-opacity":"","overlay-gradient":""},"tablet":{"background-color":"var(--ast-global-color-5)","background-image":"","background-repeat":"repeat","background-position":"center center","background-size":"auto","background-attachment":"scroll","background-type":"","background-media":"","overlay-type":"","overlay-color":"","overlay-opacity":"","overlay-gradient":""},"mobile":{"background-color":"var(--ast-global-color-5)","background-image":"","background-repeat":"repeat","background-position":"center center","background-size":"auto","background-attachment":"scroll","background-type":"","background-media":"","overlay-type":"","overlay-color":"","overlay-opacity":"","overlay-gradient":""}},"_themeisle_gutenberg_block_has_review":false,"footnotes":""},"categories":[169],"tags":[],"class_list":["post-19013","post","type-post","status-publish","format-standard","hentry","category-zestawienia-en"],"acf":[],"featured_image_urls_v2":{"full":"","thumbnail":"","medium":"","medium_large":"","large":"","1536x1536":"","2048x2048":"","menu-24x24":"","menu-36x36":"","menu-48x48":"","mailpoet_newsletter_max":""},"post_excerpt_stackable_v2":"<p>Opublikowano 27 stycznia 2021 o godzinie 11:32 autor\u00a0Edyta Dobek Terapia pedagogicznaZestawienie bibliograficzne ksi\u0105\u017cek i artyku\u0142\u00f3w z czasopism za lata 2010-2020 dost\u0119pnych w Bibliotece Pedagogicznej w Ostro\u0142\u0119ce. Ksi\u0105\u017cki Arteterapia. Cz. 1 \/ pod red. nauk. Bartosza \u0141ozy i Aleksandry Chmielnickiej-Plaskoty. -Warszawa : Difin, 2014. Sygn. W 72054, P 75319Arteterapia. Cz. 2 \/ pod red. nauk. Bartosza \u0141ozy i Aleksandry Chmielnickiej-Plaskoty. \u2013 Warszawa : Difin, 2014. Sygn. W 72055, P 75320Arteterapia. Cz. 3 \/ pod red. nauk. Bartosza \u0141ozy i Aleksandry Chmielnickiej-Plaskoty. \u2013 Warszawa : Difin, 2016. Sygn. W 77272, P 77185Arteterapia. Cz. 4, Arteterapia indywidualna \/ pod red. nauk. Bartosza \u0141ozy&hellip;<\/p>\n","category_list_v2":"<a href=\"https:\/\/bpostrow.pl\/en\/category\/zestawienia-en\/\" rel=\"category tag\">Zestawienia bibliograficzne<\/a>","author_info_v2":{"name":"c2FicmFtZWs=","url":"https:\/\/bpostrow.pl\/en\/author\/c2ficmftzws-2\/"},"comments_num_v2":"0 comments","_links":{"self":[{"href":"https:\/\/bpostrow.pl\/en\/wp-json\/wp\/v2\/posts\/19013","targetHints":{"allow":["GET"]}}],"collection":[{"href":"https:\/\/bpostrow.pl\/en\/wp-json\/wp\/v2\/posts"}],"about":[{"href":"https:\/\/bpostrow.pl\/en\/wp-json\/wp\/v2\/types\/post"}],"author":[{"embeddable":true,"href":"https:\/\/bpostrow.pl\/en\/wp-json\/wp\/v2\/users\/205"}],"replies":[{"embeddable":true,"href":"https:\/\/bpostrow.pl\/en\/wp-json\/wp\/v2\/comments?post=19013"}],"version-history":[{"count":1,"href":"https:\/\/bpostrow.pl\/en\/wp-json\/wp\/v2\/posts\/19013\/revisions"}],"predecessor-version":[{"id":28705,"href":"https:\/\/bpostrow.pl\/en\/wp-json\/wp\/v2\/posts\/19013\/revisions\/28705"}],"wp:attachment":[{"href":"https:\/\/bpostrow.pl\/en\/wp-json\/wp\/v2\/media?parent=19013"}],"wp:term":[{"taxonomy":"category","embeddable":true,"href":"https:\/\/bpostrow.pl\/en\/wp-json\/wp\/v2\/categories?post=19013"},{"taxonomy":"post_tag","embeddable":true,"href":"https:\/\/bpostrow.pl\/en\/wp-json\/wp\/v2\/tags?post=19013"}],"curies":[{"name":"wp","href":"https:\/\/api.w.org\/{rel}","templated":true}]}}