{"id":19057,"date":"2022-02-03T14:37:25","date_gmt":"2022-02-03T13:37:25","guid":{"rendered":"https:\/\/ostrow-mazowiecki.bpm.wrotamazowsza.pl\/problemy-wychowawcze-w-rodzinie-zastepczej-2\/"},"modified":"2024-10-09T16:05:03","modified_gmt":"2024-10-09T14:05:03","slug":"problemy-wychowawcze-w-rodzinie-zastepczej-2","status":"publish","type":"post","link":"https:\/\/bpostrow.pl\/en\/problemy-wychowawcze-w-rodzinie-zastepczej-2\/","title":{"rendered":"PROBLEMY WYCHOWAWCZE W RODZINIE ZAST\u0118PCZEJ"},"content":{"rendered":"\n<p>Opublikowano 8 lipca 2019 o godzinie 13:58 autor\u00a0Edyta Dobek<\/p>\n\n\n\n<p><strong>Problemy wychowawcze w rodzinie zast\u0119pczej<\/strong><br>Zestawienie bibliograficzne za lata 2009-2019<\/p>\n\n\n\n<p><strong>Ksi\u0105\u017cki<\/strong><\/p>\n\n\n\n<ol class=\"wp-block-list\"><li>Adopcja \u2013 temat bez tajemnic \/ pod red. Marii Kwiecie\u0144. \u2013 Warszawa : Wydawnictwo Ksi\u0119\u017cy Marian\u00f3w MIC, 2007.<\/li><li>Adopcja i przywi\u0105zanie : praktyczny poradnik dla rodzic\u00f3w \/ Deborah D. Gray ; przek\u0142.: Marta Lipi\u0144ska, Maryla Kowalska, Sylwia Kot. \u2013 Sopot : Gda\u0144skie Wydawnictwo Psychologiczne, 2010.<\/li><li>Czas niepewno\u015bci : o dzieciach w rodzinach zast\u0119pczych \/ Jenifer Wilgocki, Marcia Kahn Wright ; przek\u0142. El\u017cbieta Zubrzycka ; il. \u0141ukasz Kaczmarek. \u2013 Gda\u0144sk : Gda\u0144skie Wydawnictwo Psychologiczne, 2007.<\/li><li>Diagnoza rodzin zast\u0119pczych w obliczu dylemat\u00f3w wsp\u00f3\u0142czesno\u015bci \/ Marzena Ruszkowska. \u2013 Warszawa : Centrum Rozwoju Zasob\u00f3w Ludzkich, 2013.<\/li><li>Dzieci w rodzinach zast\u0119pczych i dysfunkcjonalnych \/ Andrzej \u0141uczy\u0144ski ; Katolicki Uniwersytet Lubelski Jana Paw\u0142a II. Katedra Pedagogiki Rodziny. \u2013 Lublin : Wydawnictwo KUL, cop. 2008.<\/li><li>Dziecko przyby\u0142e z daleka : adopcja i rodzina zast\u0119pcza \/ Guido Cattabeni ; prze\u0142. Pawe\u0142 Borkowski. \u2013 Warszawa : Instytut Wydawniczy Pax, 2008.<\/li><li>Dziecko, rodzice, adopcja : ontologiczne i psychospo\u0142eczne aspekty rodzinnych form opieki zast\u0119pczej \/ Arkadiusz W\u0105si\u0144ski. \u2013 Krak\u00f3w : Oficyna Wydawnicza \u201eImpuls\u201d, 2006.<\/li><li>Rodzicielstwo adopcyjne : wybrane aspekty funkcjonowania rodzin adopcyjnych \/ Antonina Gutowska ; Katolicki Uniwersytet Lubelski Jana Paw\u0142a II. Wydzia\u0142 Nauk Spo\u0142ecznych. Katedra Psychologii Wychowawczej i Rodziny. \u2013 Lublin : Wydawnictwo Katolickiego Uniwersytetu Lubelskiego, 2008.<\/li><li>Rodzicielstwo w sytuacji dezorganizacji rodziny i mo\u017cliwo\u015bci wspomagania rodzic\u00f3w \/ red. nauk. J\u00f3zefa Br\u0105giel, Beata G\u00f3rnicka ; Uniwersytet Opolski \u2013 Opole : Wydawnictwo<br>Uniwersytetu Opolskiego, 2014.<\/li><li>Rodzicielstwo zast\u0119pcze : idea, problemy, analizy, kompetencje \/ Magdalena Joachimowska ; Uniwersytet Kazimierza Wielkiego. \u2013 Bydgoszcz : Wydawnictwo Uniwersytetu Kazimierza Wielkiego, 2008.<\/li><li>Rodzicielstwo zast\u0119pcze w perspektywie teoretycznej i praktycznej \/ red. nauk. Arkadiusz \u017bukiewicz. \u2013 Toru\u0144 : Wydawnictwo Edukacyjne \u201eAkapit\u201d, 2011.<\/li><li>Rodziny zast\u0119pcze i ich dzieci \/ Lidia Anna Winogrodzka. \u2013 Lublin : Wydawnictwo Uniwersytetu Marii Curie-Sk\u0142odowskiej, 2007.<\/li><\/ol>\n\n\n\n<p><strong>Artyku\u0142y z czasopism<\/strong><\/p>\n\n\n\n<ol class=\"wp-block-list\"><li>Bariery w rozwoju rodzinnej pieczy zast\u0119pczej z punktu widzenia PCPR \/ Irena Kowalska. \/\/ Problemy Opieku\u0144czo-Wychowawcze. \u2013 2010, nr 3, s. 15-18<\/li><li>Czynniki warunkuj\u0105ce rozw\u00f3j zawodowych rodzin zast\u0119pczych \/ Sylwia Badora, Jan Basiaga. \/\/ Praca Socjalna. \u2013 2011, nr 4, s. 73-87<\/li><li>Da\u0107 ciep\u0142o rodzinne i \u017cyciow\u0105 szans\u0119\u2026 \/ z Urszul\u0105 D\u0105browsk\u0105 rozm. Joanna Wojciechowicz-Bednarek. \/\/ Edukacja i Dialog. \u2013 2011, nr 3\/4, s. 6-10<\/li><li>Decyzje nie zawsze id\u0105 za dzieckiem \/ Miros\u0142aw Kaczmarek. \/\/ Remedium \u2013 2012, nr 12, s. 18-19<\/li><li>Dni rodzinnej opieki zast\u0119pczej \/ Gra\u017cyna Gajewska. \/\/ Problemy Opieku\u0144czo-Wychowawcze. \u2013 2008, nr 7, s. 55-57<\/li><li>Dni rodzinnej opieki zast\u0119pczej na Uniwersytecie Zielonog\u00f3rskim form\u0105 promowania zast\u0119pczego rodzicielstwa \/ Marzena Sendyk. \/\/ Edukacja. \u2013 2011, nr 1, s. 134-137<\/li><li>Dob\u00f3r dziecka do rodziny zast\u0119pczej \/ Jaros\u0142aw Pu\u0142anecki. \/\/ Wychowanie Na Co Dzie\u0144. \u2013 2010, nr 3, s. 19-22<\/li><li>Dzieci cudzoziemskie w pieczy zast\u0119pczej (na przyk\u0142adzie powiatu bialskiego) \/ Marzena Ruszkowska, Beata Wo\u0142osiuk. \/\/ Problemy Opieku\u0144czo-Wychowawcze. \u2013 2018, nr 5, s. 55-61<\/li><li>Dzieci zapomniane w statystykach \/ Miros\u0142aw Kaczmarek. \/\/ Remedium. \u2013 2013, nr 12, s. 23-25<\/li><li>Dziecko i prawo \/ Danuta Starzy\u0144ska. \/\/ G\u0142os Pedagogiczny. \u2013 2014, nr 3, s. 48-50<\/li><li>Dziecko krzywdzone w opiece zast\u0119pczej \/ Marzena Ruszkowska. \/\/ Niebieska Linia. \u2013 2014, nr 3, s. 13-15<\/li><li>Dziecko poza rodzin\u0105 pochodzenia \/ Karolina Ma\u0142ek. \/\/ Wychowanie w Przedszkolu. \u2013 2014, nr 10, dod. Poradnik Prawny Nauczyciela i Dyrektora Przedszkola, s. 1-3<\/li><li>Dziecko sieroce w wybranych formach opieki zast\u0119pczej \/ Bo\u017cena Matyjas. \/\/ Praca Socjalna. \u2013 2014, nr 4, s. 61-72<\/li><li>Dziecko w zast\u0119pczym \u015brodowisku rodzinnym \u2013 odzyskanie zagubionej to\u017csamo\u015bci? \/ Justyna Ma\u0144ka, Katarzyna Ornacka. \/\/ Wychowanie Na Co Dzie\u0144. \u2013 2011, nr 3, s. 20-26<\/li><li>Dziecko z uszkodzonym s\u0142uchem w rodzinie zast\u0119pczej \u2013 studium przypadku \/ Urszula Bartnikowska. \/\/ Wychowanie Na Co Dzie\u0144. \u2013 2013, nr 1\/2, s. 3-8<\/li><li>Edukacja i rehabilitacja dzieci z niepe\u0142nosprawno\u015bci\u0105 wychowywanych w rodzinach adopcyjnych i zast\u0119pczych \/ Urszula Bartnikowska, Katarzyna \u0106wirynka\u0142o. \/\/<br>Niepe\u0142nosprawno\u015b\u0107 i Rehabilitacja. \u2013 2014, nr 2, s. 31-46<\/li><li>Funkcjonowanie emocjonalne m\u0142odzie\u017cy z rodzin zast\u0119pczych \/ Nadia Kostrzewa. \/\/ Remedium. \u2013 2015, nr 3, s. 24-25<\/li><li>Gdy zabraknie opieki : rodzice zast\u0119pczy, rodzice adopcyjni \u2013 z do\u015bwiadcze\u0144 i przemy\u015ble\u0144 \/ Aleksandra Lachowicz. \/\/ Przyjaciel Dziecka. \u2013 2011, nr 1-6, s. 20-22<\/li><li>Gotowo\u015b\u0107 rodzic\u00f3w do reintegracji z dzie\u0107mi umieszczonymi w pogotowiu rodzinnym \/ Jan Basiaga, Sylwia Badora. \/\/ Problemy Opieku\u0144czo-Wychowawcze. \u2013 2010, nr 10, s. 13-22<\/li><li>Jak dzieci z rodzin zast\u0119pczych postrzegaj\u0105 siebie i innych \/ Kinga Mickiewicz. \/\/ Problemy Opieku\u0144czo-Wychowawcze. \u2013 2015, nr 2, s. 16-24<\/li><li>Mity o rodzinach zast\u0119pczych barier\u0105 w szkolnym funkcjonowaniu dzieci \/ Gra\u017cyna Gajewska. \/\/ Problemy Opieku\u0144czo-Wychowawcze. \u2013 2008, nr 8, s. 13-22<\/li><li>Ochrona dobra dziecka i realizacja jego prawa do wychowania si\u0119 w rodzinie a organizacja pieczy zast\u0119pczej \/ Jolanta Zozula. \/\/ Szko\u0142a Specjalna. \u2013 2017, nr 2, s. 134-151<\/li><li>Organizacja rodzinnej pieczy zast\u0119pczej w Warszawie \/ Agnieszka Patela-Owczarczyk. \/\/ Problemy Opieku\u0144czo-Wychowawcze. \u2013 2014, nr 1, s. 19-25<\/li><li>Powodzenia i niepowodzenia w funkcjonowaniu opieku\u0144czo-wychowawczym rodzin zast\u0119pczych \/ Marzena Ruszkowska. \/\/ Pedagogika Spo\u0142eczna. \u2013 2012, nr 4, s. 97-109<\/li><li>Problemy rodzin zast\u0119pczych w opinii praktyk\u00f3w \/ Maria Pos\u0142uszna-Owcarz [et al]. \/\/ Problemy Opieku\u0144czo-Wychowawcze. \u2013 2010, nr 6, s. 21-29<\/li><li>Problemy wychowania w rodzinach zast\u0119pczych \/ Kinga Mickiewicz. \/\/ Problemy Opieku\u0144czo-Wychowawcze. \u2013 2015, nr 5, s. 37-43<\/li><li>Rodzina zast\u0119pcza \/ Gra\u017cyna Starzy\u0144ska. \/\/ G\u0142os Pedagogiczny. \u2013 2014, nr 2, s. 47-49<\/li><li>Rodzina zast\u0119pcza dla dzieci bez przysz\u0142o\u015bci \/ Marek Lici\u0144ski. \/\/ Problemy Opieku\u0144czo-Wychowawcze. \u2013 2009, nr 5, s. 23-28<\/li><li>Rodzina zast\u0119pcza w do\u015bwiadczeniu biograficznym dziecka opuszczonego \/ Monika Sas. \/\/ Wychowanie Na Co Dzie\u0144. \u2013 2012, nr 3, s. 19-23<\/li><li>Rodzina zast\u0119pcza z dzie\u0107mi z niepe\u0142nosprawno\u015bci\u0105 intelektualn\u0105. Studium przypadku \/ Katarzyna \u0106wirynka\u0142o. \/\/ Wychowanie Na Co Dzie\u0144. \u2013 2013, nr 1\/2, s. 9-16<\/li><li>Rodziny zast\u0119pcze : do\u015bwiadczenia, potrzeby, problemy \/ Micha\u0142 R\u017cysko. \/\/ Problemy Opieku\u0144czo-Wychowawcze. \u2013 2010, nr 3, s. 19-25<\/li><li>Rodziny zast\u0119pcze \u2013 pr\u00f3ba obalenia mit\u00f3w\u2026 \/ Maciej Osuch. \/\/ Dyrektor Szko\u0142y. \u2013 2010, nr 6, s. 35-39<\/li><li>System nagr\u00f3d i kar w rodzinach zast\u0119pczych : na przyk\u0142adzie powiatu bialskiego \/ Marzena Ruszkowska. \/\/ Kwartalnik Pedagogiczny. \u2013 2017, nr 2, s. 284-290<\/li><li>Trudno\u015bci zawodowych rodzin zast\u0119pczych w perspektywie opiekun\u00f3w zast\u0119pczych, koordynator\u00f3w rodzinnej pieczy zast\u0119pczej oraz asystent\u00f3w rodziny \/ Kinga Mickiewicz-Stopa. \/\/ Problemy Opieku\u0144czo-Wychowawcze. \u2013 2017, nr 5, s. 46-58<\/li><li>Wsp\u00f3\u0142praca mi\u0119dzy ma\u0142\u017conkami opiekunek pieczy zast\u0119pczej a pracownikami socjalnymi \/ Emmanuelle Martins ; t\u0142. Magdalena Maci\u0144ska. \/\/ Kwartalnik Pedagogiczny. \u2013 2012, nr 3, s. 147-161<\/li><li>Wsp\u00f3\u0142praca zawodowych rodzin zast\u0119pczych z s\u0105dem rodzinnym \/ Jan Basiaga. \/\/ Problemy Opieku\u0144czo-Wychowawcze. \u2013 2014, nr 9, s. 40-45<\/li><li>Zawodowe rodziny zast\u0119pcze i rodzinne domy dziecka \u2013 perspektywa umieszczenia dziecka w rodzinie i jego kontaktu z rodzicami biologicznymi \/ Kinga Mickiewicz-Stopa. \/\/ Problemy Opieku\u0144czo-Wychowawcze. \u2013 2017, nr 3, s. 44-53<\/li><li>Znaczenie wi\u0119zi emocjonalnej w zast\u0119pczej opiece nad dzieckiem \/ Paulina Kami\u0144ska. \/\/ Edukacja i Dialog. \u2013 2010, nr 3\/4, s.56-59<\/li><li>\u017byciowe drogowskazy : edukacja profilaktyczna adresowana do rodzin zast\u0119pczych \/ Danuta Kalinowska. \/\/ Niebieska Linia. \u2013 2017, nr 3, s. 6-8<\/li><\/ol>\n","protected":false},"excerpt":{"rendered":"<p>Opublikowano 8 lipca 2019 o godzinie 13:58 autor\u00a0Edyta Dobek Problemy wychowawcze w rodzinie zast\u0119pczejZestawienie bibliograficzne za lata 2009-2019 Ksi\u0105\u017cki Adopcja [&hellip;]<\/p>\n","protected":false},"author":205,"featured_media":0,"comment_status":"closed","ping_status":"closed","sticky":false,"template":"","format":"standard","meta":{"_acf_changed":false,"_oasis_is_in_workflow":0,"_oasis_original":0,"inline_featured_image":false,"site-sidebar-layout":"default","site-content-layout":"","ast-site-content-layout":"default","site-content-style":"default","site-sidebar-style":"default","ast-global-header-display":"","ast-banner-title-visibility":"","ast-main-header-display":"","ast-hfb-above-header-display":"","ast-hfb-below-header-display":"","ast-hfb-mobile-header-display":"","site-post-title":"","ast-breadcrumbs-content":"","ast-featured-img":"","footer-sml-layout":"","ast-disable-related-posts":"","theme-transparent-header-meta":"","adv-header-id-meta":"","stick-header-meta":"","header-above-stick-meta":"","header-main-stick-meta":"","header-below-stick-meta":"","astra-migrate-meta-layouts":"default","ast-page-background-enabled":"default","ast-page-background-meta":{"desktop":{"background-color":"","background-image":"","background-repeat":"repeat","background-position":"center center","background-size":"auto","background-attachment":"scroll","background-type":"","background-media":"","overlay-type":"","overlay-color":"","overlay-opacity":"","overlay-gradient":""},"tablet":{"background-color":"","background-image":"","background-repeat":"repeat","background-position":"center center","background-size":"auto","background-attachment":"scroll","background-type":"","background-media":"","overlay-type":"","overlay-color":"","overlay-opacity":"","overlay-gradient":""},"mobile":{"background-color":"","background-image":"","background-repeat":"repeat","background-position":"center center","background-size":"auto","background-attachment":"scroll","background-type":"","background-media":"","overlay-type":"","overlay-color":"","overlay-opacity":"","overlay-gradient":""}},"ast-content-background-meta":{"desktop":{"background-color":"var(--ast-global-color-5)","background-image":"","background-repeat":"repeat","background-position":"center center","background-size":"auto","background-attachment":"scroll","background-type":"","background-media":"","overlay-type":"","overlay-color":"","overlay-opacity":"","overlay-gradient":""},"tablet":{"background-color":"var(--ast-global-color-5)","background-image":"","background-repeat":"repeat","background-position":"center center","background-size":"auto","background-attachment":"scroll","background-type":"","background-media":"","overlay-type":"","overlay-color":"","overlay-opacity":"","overlay-gradient":""},"mobile":{"background-color":"var(--ast-global-color-5)","background-image":"","background-repeat":"repeat","background-position":"center center","background-size":"auto","background-attachment":"scroll","background-type":"","background-media":"","overlay-type":"","overlay-color":"","overlay-opacity":"","overlay-gradient":""}},"_themeisle_gutenberg_block_has_review":false,"footnotes":""},"categories":[169],"tags":[],"class_list":["post-19057","post","type-post","status-publish","format-standard","hentry","category-zestawienia-en"],"acf":[],"featured_image_urls_v2":{"full":"","thumbnail":"","medium":"","medium_large":"","large":"","1536x1536":"","2048x2048":"","menu-24x24":"","menu-36x36":"","menu-48x48":"","mailpoet_newsletter_max":""},"post_excerpt_stackable_v2":"<p>Opublikowano 8 lipca 2019 o godzinie 13:58 autor\u00a0Edyta Dobek Problemy wychowawcze w rodzinie zast\u0119pczejZestawienie bibliograficzne za lata 2009-2019 Ksi\u0105\u017cki Adopcja \u2013 temat bez tajemnic \/ pod red. Marii Kwiecie\u0144. \u2013 Warszawa : Wydawnictwo Ksi\u0119\u017cy Marian\u00f3w MIC, 2007.Adopcja i przywi\u0105zanie : praktyczny poradnik dla rodzic\u00f3w \/ Deborah D. Gray ; przek\u0142.: Marta Lipi\u0144ska, Maryla Kowalska, Sylwia Kot. \u2013 Sopot : Gda\u0144skie Wydawnictwo Psychologiczne, 2010.Czas niepewno\u015bci : o dzieciach w rodzinach zast\u0119pczych \/ Jenifer Wilgocki, Marcia Kahn Wright ; przek\u0142. El\u017cbieta Zubrzycka ; il. \u0141ukasz Kaczmarek. \u2013 Gda\u0144sk : Gda\u0144skie Wydawnictwo Psychologiczne, 2007.Diagnoza rodzin zast\u0119pczych w obliczu dylemat\u00f3w wsp\u00f3\u0142czesno\u015bci \/ Marzena Ruszkowska.&hellip;<\/p>\n","category_list_v2":"<a href=\"https:\/\/bpostrow.pl\/en\/category\/zestawienia-en\/\" rel=\"category tag\">Zestawienia bibliograficzne<\/a>","author_info_v2":{"name":"c2FicmFtZWs=","url":"https:\/\/bpostrow.pl\/en\/author\/c2ficmftzws-2\/"},"comments_num_v2":"0 comments","_links":{"self":[{"href":"https:\/\/bpostrow.pl\/en\/wp-json\/wp\/v2\/posts\/19057","targetHints":{"allow":["GET"]}}],"collection":[{"href":"https:\/\/bpostrow.pl\/en\/wp-json\/wp\/v2\/posts"}],"about":[{"href":"https:\/\/bpostrow.pl\/en\/wp-json\/wp\/v2\/types\/post"}],"author":[{"embeddable":true,"href":"https:\/\/bpostrow.pl\/en\/wp-json\/wp\/v2\/users\/205"}],"replies":[{"embeddable":true,"href":"https:\/\/bpostrow.pl\/en\/wp-json\/wp\/v2\/comments?post=19057"}],"version-history":[{"count":1,"href":"https:\/\/bpostrow.pl\/en\/wp-json\/wp\/v2\/posts\/19057\/revisions"}],"predecessor-version":[{"id":29023,"href":"https:\/\/bpostrow.pl\/en\/wp-json\/wp\/v2\/posts\/19057\/revisions\/29023"}],"wp:attachment":[{"href":"https:\/\/bpostrow.pl\/en\/wp-json\/wp\/v2\/media?parent=19057"}],"wp:term":[{"taxonomy":"category","embeddable":true,"href":"https:\/\/bpostrow.pl\/en\/wp-json\/wp\/v2\/categories?post=19057"},{"taxonomy":"post_tag","embeddable":true,"href":"https:\/\/bpostrow.pl\/en\/wp-json\/wp\/v2\/tags?post=19057"}],"curies":[{"name":"wp","href":"https:\/\/api.w.org\/{rel}","templated":true}]}}