{"id":17919,"date":"2022-01-18T12:30:51","date_gmt":"2022-01-18T11:30:51","guid":{"rendered":"https:\/\/ostrow-mazowiecki.bpm.wrotamazowsza.pl\/metoda-projektu-w-edukacji-oraz-aktywne-uczenie-sie-uczniow\/"},"modified":"2024-10-09T16:29:59","modified_gmt":"2024-10-09T14:29:59","slug":"metoda-projektu-w-edukacji-oraz-aktywne-uczenie-sie-uczniow","status":"publish","type":"post","link":"https:\/\/bpostrow.pl\/ru\/metoda-projektu-w-edukacji-oraz-aktywne-uczenie-sie-uczniow\/","title":{"rendered":"METODA PROJEKTU W EDUKACJI ORAZ AKTYWNE UCZENIE SI\u0118 UCZNI\u00d3W."},"content":{"rendered":"\n<p>Opublikowano 2 kwietnia 2019 o godzinie 15:53 autor\u00a0Edyta Dobek<\/p>\n\n\n\n<p><strong>Metoda projektu w edukacji oraz aktywne uczenie si\u0119 uczni\u00f3w<\/strong><\/p>\n\n\n\n<p><em>Zestawienie bibliograficzne ksi\u0105\u017cek i artyku\u0142\u00f3w z czasopism za lata 2013-2019 dost\u0119pnych w Bibliotece Pedagogicznej w Ostro\u0142\u0119ce<\/em><\/p>\n\n\n\n<p><strong>Ksi\u0105\u017cki<\/strong><\/p>\n\n\n\n<ol class=\"wp-block-list\"><li>Do\u015bwiadczenie, reprezentacja i dzia\u0142anie w\u015br\u00f3d rzeczy i przedmiot\u00f3w : projektowanie edukacyjne \/ Jolanta Kruk. \u2013 Gda\u0144sk : Wydawnictwo Uniwersytetu Gda\u0144skiego, &nbsp;2008. Sygn. W 62464, W 64773<\/li><li>Jak organizowa\u0107 i prowadzi\u0107 gimnazjalne projekty edukacyjne : poradnik dla dyrektor\u00f3w, szkolnych organizator\u00f3w i opiekun\u00f3w projekt\u00f3w \/ Jacek Strzemieczny. \u2013 Warszawa : O\u015brodek Rozwoju Edukacji, &nbsp;[2010]. Sygn. W 67895, P 68886<\/li><li>Jak wdra\u017ca\u0107 metod\u0119 projekt\u00f3w? : poradnik dla nauczycieli i uczni\u00f3w gimnazjum, liceum i szko\u0142y zawodowej \/ Agnieszka Mikina, Bo\u017cena Zaj\u0105c. \u2013 Krak\u00f3w : Oficyna Wydawnicza Impuls, 2004. Sygn. W 72936<\/li><li>Jak wdra\u017ca\u0107 metod\u0119 projekt\u00f3w? : poradnik dla nauczycieli i uczni\u00f3w gimnazjum, liceum i szko\u0142y zawodowej \/ Agnieszka Mikina, Bo\u017cena Zaj\u0105c. \u2013 Krak\u00f3w : Oficyna Wydawnicza Impuls, 2001. Sygn. W 51404, W 72935<\/li><li>Metoda projekt\u00f3w : poradnik dla nauczycieli i dyrektor\u00f3w gimnazj\u00f3w \/ Agnieszka Mikina, Bo\u017cena Zaj\u0105c. \u2013 Warszawa : O\u015brodek Rozwoju Edukacji, [2010]. Sygn. W 67894, P 68878<\/li><li>Metoda projekt\u00f3w i jej egzemplifikacja w praktyce : w poszukiwaniu strategii edukacyjnych&nbsp; zreformowanej szko\u0142y \/ Krystyna Cha\u0142as. \u2013 Warszawa : Nowa Era, 2000. Sygn. W 58330, W 74896<\/li><li>Metoda projekt\u00f3w w pracy nauczyciela wychowania fizycznego : praktyczny przewodnik \/ Urszula Kierczak. \u2013 Krak\u00f3w : Oficyna Wydawnicza \u201eImpuls\u201d, 2012. Sygn. W 69671, W 69672<\/li><li>Metoda projektu w doradztwie zawodowym : scenariusze warsztat\u00f3w dla dzieci i m\u0142odzie\u017cy \/&nbsp; Joanna Naw\u00f3j-Po\u0142ocza\u0144ska. \u2013 Warszawa : Difin, &nbsp;2018. Sygn. W 79050<\/li><li>Metoda projektu w gimnazjum : poradnik dyrektora i nauczyciela \/ Kamilla Przychodzie\u0144. \u2013 Warszawa : Grupa Wydawnicza Adamantan, 2011. Sygn. W 69285<\/li><li>Projekty edukacyjne : poradnik dla nauczycieli i kadry kierowniczej o\u015bwiaty \/ Bo\u017cena Potocka, Les\u0142awa Nowak. \u2013 Kielce : Zak\u0142ad Wydawniczy SFS, &nbsp;2002. Sygn. W 50442, W 50604<\/li><li>Rozw\u00f3j zainteresowa\u0144 uczni\u00f3w gimnazjum drog\u0105 do kariery : metoda projekt\u00f3w w praktyce edukacyjnej : do\u015bwiadczenia z projektu \/ Agnieszka Mikina [et al.]. \u2013 Warszawa : Ecorys Polska, 2013.&nbsp; Sygn. W 71080, P 71079<\/li><li>W stron\u0119 wielokulturowo\u015bci w edukacji przedszkolnej \/ Krystyna Kami\u0144ska. \u2013 Warszawa : Wydawnictwa Szkolne i Pedagogiczne, &nbsp;2005. Sygn. P 71079, P 54842<\/li><\/ol>\n\n\n\n<p><strong>Artyku\u0142y z czasopism<\/strong><\/p>\n\n\n\n<ol class=\"wp-block-list\"><li>Aktywne uczenie z wykorzystaniem metody WebQuest \/ Ewa Palka. \/\/ J\u0119zyk Polski w Gimnazjum. \u2013 2016\/2017, nr 1, s. 21-34<\/li><li>Dzie\u0144 Czekolady metod\u0105 projektu w przedszkolu \/ Anna Kordzi\u0144ska-Grabowska. \/\/ Wychowanie w Przedszkolu. \u2013 2016, nr 3, s. 17-19<\/li><li>Energia odnawialna metod\u0105 projekt\u00f3w \/ Anna Szyma\u0144ska, Monika Binda-Matuszczak. \/\/ Wychowanie w Przedszkolu. \u2013 2015, nr 4, s. 59-61<\/li><li>FilozoGraf, czyli jak wprowadzi\u0107 m\u0142odzie\u017c w \u015bwiat filozofii? \/ Hanna Borzyszkowska. \/\/ Biblioteka w Szkole. \u2013 2019, nr 1, s. 48-50<\/li><li>Finansowanie uczniowskich projekt\u00f3w \/ Katarzyna Przybysz. \/\/ TIK w Edukacji. \u2013 2017, nr 6, s. 16-17<\/li><li>Insiruj\u0105ce projekty edukacyjne \/ Zyta Czechowska, Jolanta Majkowska. \/\/ TIK w Edukacji. \u2013 2017, nr 6, s. 22-25<\/li><li>Inspiruj\u0105ce projekty edukacyjne \/ Zyta Czechowska, Jolanta Majkowska. \/\/ TIK w Edukacji. \u2013 2017, nr 6, s. 22-23<\/li><li>Jak radzi\u0107 sobie z mow\u0105 nienawi\u015bci? : projekt edukacyjny \/ Marzena Tyl. \/\/ Biblioteka w Szkole. \u2013 2018, nr 1, s. 18-21<\/li><li>Kreujemy zmiany \u2013 MSCDN realizatorem innowacyjnych projekt\u00f3w edukacyjnych \/ Jaros\u0142aw Zaro\u0144. \/\/ Meritum. \u2013 2018, nr 3, s. 36-40<\/li><li>Ksi\u0105\u017cki, kraty, groby \u2013 historia jednego projektu \/ Klemens Str\u00f3\u017cy\u0144ski. \/\/ Nowa Szko\u0142a. \u2013 2015, nr 7, s. 33-39<\/li><li>Kszta\u0142towanie ekspresji kulturalnej uczni\u00f3w szk\u00f3\u0142 podstawowych \/ Agnieszka Roguska, Halina Cholewka. \/\/ Pedagogika Spo\u0142eczna. \u2013 2015, nr 4, s. 147-160<\/li><li>Literacka mapa miasta : projekt edukacyjny \u2013 edukacja czytelnicza, wiedza o regionie \/ Alicja Kami\u0144ska, Magdalena Podolak. \/\/ Biblioteka w Szkole. \u2013 2018, nr 3, s. 29<\/li><li>Metody do\u015bwiadczalne i eksperymentalne w europejskich szko\u0142ach podstawowych i przedszkolach \/ Ewa Sowa-Behtane. \/\/ Edukacja i Dialog. \u2013 2016, nr 1\/2, s. 38-41<\/li><li>Mi\u0119dzynarodowe projekty edukacyjne \/ Renata Matusiak. \/\/ Biblioteka w Szkole. \u2013 2018, nr 4, s. 25-27<\/li><li>M\u0142ody Polak w Europie, czyli polskie dziedzictwo \/ Julita Gredecka. \/\/ Meritum. \u2013 2016, nr 3, s. 43-51<\/li><li>M\u00f3j dom \u2013 multimedialne projektowanie dom\u00f3w : scenariusz projektu edukacyjnego z przedmiotu wiedza o kulturze \/ Micha\u0142 Luberda. \/\/ Biblioteka w Szkole. \u2013 2016, nr 5, dod. Biblioteka \u2013 Centrum Informacji nr 2, s. 13-17<\/li><li>Moje miasto \u2013 Pabianice. Metoda projekt\u00f3w na geografii \/ Zofia Szmidt. \/\/ Geografia w Szkole. \u2013 2018, nr 5, s. 22-23<\/li><li>My, ekoludki i ekologiczna \u017cywno\u015b\u0107 : metoda projektu w przedszkolu \/ Ewelina St\u0119pniak. \/\/ Wychowanie w Przedszkolu. \u2013 2017, nr 2, s. 14-15<\/li><li>\u201eNabici w butelk\u0119\u201d, czyli jak \u015bmieci wp\u0142ywaj\u0105 na bior\u00f3\u017cnorodno\u015b\u0107 las\u00f3w \u2013 podsumowanie projektu \/ Magdalena Kulesza, Klaudia Kurczaba, Krzysztof Kolenda. \/\/ Biologia w Szkole. \u2013 2017, nr 6, s. 43-45<\/li><li>Nie ujdzie Ci to p\u0142azem! : randka z przyrod\u0105, czyli o ochronie r\u00f3\u017cnorodno\u015bci biologicznej Amphibia wed\u0142ug uczni\u00f3w szko\u0142y podstawowej \/ Tomasz Ordza. \/\/ Biologia w Szkole. \u2013 2018, nr 3, s. 43-45<\/li><li>Nowy wymiar edukacji regionalnej \/ Joanna Krzemi\u0144ska. \/\/ TIK w Edukacji. \u2013 2018, nr 2, s. 78-80<\/li><li>Ocenianie kszta\u0142tuj\u0105ce w metodzie projektu \/ El\u017cbieta To\u0142wi\u0144ska-Kr\u00f3likowska. \/\/ Meritum. \u2013 2015, nr 1, s. 45-52<\/li><li>Ogr\u00f3d szkolny \u2013 projekt jako edukacyjna mapa my\u015bli \/ Tomasz Ordza. \/\/ Biologia w Szkole. \u2013 2018, nr 1, s. 55-57<\/li><li>\u201ePan Tadeusz\u201d Adama Mickiewicza : projekt edukacyjny na Tydzie\u0144 J\u0119zyka Obcego \/ Anna Matuszewska-Gumi\u0119ga. \/\/ Biblioteka w Szkole. \u2013 2019, nr 1, s. 28-29<\/li><li>Platforma edukacyjnej wsp\u00f3\u0142pracy \/ Sylwester Zaso\u0144ski. \/\/ TIK w Edukacji. \u2013 2017, nr 1, s. 64-66<\/li><li>Podr\u00f3\u017ce Misio\u0142ank\u00f3w \/ Antonina Grzelak ; rozm. przepr. Kinga Kami\u0144ska. \/\/ Wychowanie w Przedszkolu. \u2013 2017, nr 6, s. 8-11<\/li><li>Portrety bohater\u00f3w Sienkiewicza \/ Waldemar Malak. \/\/ Biblioteka w Szkole. \u2013 2016, nr 3, s. 14-17<\/li><li>Poznajemy literatur\u0119 europejsk\u0105 : projekt czytelniczy \/ Gra\u017cyna Kunka. \/\/ Biblioteka w Szkole. \u2013 2015, nr 9, s. 14-15<\/li><li>Projekt dla przysz\u0142o\u015bci \/ Aleksandra Klup\u015b, Agnieszka Kuca. \/\/ TIK w Edukacji. \u2013 2017, nr 6, s. 12-14<\/li><li>Projekt edukacyjny : refleksje praktyka \/ Natalia Ku\u017ami\u0144ska. \/\/ Polonistyka. \u2013 2015, nr 5, s. 29-33<\/li><li>Projekt edukacyjny jako metoda aktywizuj\u0105ca \/ Maria S\u0142obodzian. \/\/ Geografia w Szkole. \u2013 2018, nr 1, s. 29-33<\/li><li>Projekt edukacyjny Mi\u0119dzynarodowy Dzie\u0144 J\u0119zyka Ojczystego \/ Iwona Artowicz-Skowro\u0144ska. \/\/ Meritum. \u2013 2016, nr 2, s. 53-57<\/li><li>Projekt edukacyjny nt. dziedzictwa Jan Paw\u0142a II do realizacji w starszych klasach szko\u0142y podstawowej \/ Agata Bazak. \/\/ Wychowawca. \u2013 2016, nr 10, s. 32<\/li><li>Projekt edukacyjny o Unii Europejskiej jako element edukacji europejskiej w szkole ponadpodstwawoej \/ Teresa Banas-Kobylarska. \/\/ Wychowanie Na Co Dzie\u0144. \u2013 2015, nr 6, dod. Wk\u0142adka Metodyczna, s. I-IV<\/li><li>Projekt edukacyjny w bibliotece szkolnej \/ Katarzyna Chojnacka-Musia\u0142. \/\/ Biblioteka w Szkole. \u2013 2016, nr 2, dod. Biblioteka \u2013 Centrum Informacji nr 1, s. 22-24<\/li><li>Projekt Szko\u0142a Wspieraj\u0105ca Uzdolnienia, czyli bawimy si\u0119 my\u015bl\u0105 \/ El\u017cbieta Lema\u0144ska. \/\/Meritum. \u2013 2018, nr 3, s. 137-145<\/li><li>Ptasie radio \u2013 nasze radio : projekt edukacyjny \/ Joanna Koterba. \/\/ Biblioteka w Szkole. \u2013 2015, nr 1, s. 20-23<\/li><li>\u201eTropem or\u0142a\u201d \u2013 projekt edukacyjny \/ Anna Krusiewicz, Ewa \u0141uniewska-Peda. \/\/ Meritum. \u2013 2016, nr 3, s. 67-74<\/li><li>Viva la musica \u2013 projekt edukacyjny \/ Danuta D\u0119bska. \/\/ Wychowanie Muzyczne w Szkole. \u2013 2015, nr 4, s. 30-37<\/li><li>Wywiad z bohaterem : scenariusz projektu edukacyjnego z przedmiotu wiedza o kulturze \/ Micha\u0142 Luberda. \/\/ Biblioteka w Szkole. \u2013 2015, nr 11, dod. Biblioteka \u2013 Centrum Informacji nr 4, s. 18-20<\/li><li>Wzbogacanie projektu przy u\u017cyciu TIK \/ Monika Kapu\u015bniak. \/\/ TIK w Edukacji. \u2013 2017, nr 6, s. 20-21<\/li><\/ol>\n","protected":false},"excerpt":{"rendered":"<p>Opublikowano 2 kwietnia 2019 o godzinie 15:53 autor\u00a0Edyta Dobek Metoda projektu w edukacji oraz aktywne uczenie si\u0119 uczni\u00f3w Zestawienie bibliograficzne [&hellip;]<\/p>\n","protected":false},"author":205,"featured_media":0,"comment_status":"closed","ping_status":"closed","sticky":false,"template":"","format":"standard","meta":{"_acf_changed":false,"_oasis_is_in_workflow":0,"_oasis_original":0,"inline_featured_image":false,"site-sidebar-layout":"default","site-content-layout":"","ast-site-content-layout":"default","site-content-style":"default","site-sidebar-style":"default","ast-global-header-display":"","ast-banner-title-visibility":"","ast-main-header-display":"","ast-hfb-above-header-display":"","ast-hfb-below-header-display":"","ast-hfb-mobile-header-display":"","site-post-title":"","ast-breadcrumbs-content":"","ast-featured-img":"","footer-sml-layout":"","ast-disable-related-posts":"","theme-transparent-header-meta":"","adv-header-id-meta":"","stick-header-meta":"","header-above-stick-meta":"","header-main-stick-meta":"","header-below-stick-meta":"","astra-migrate-meta-layouts":"default","ast-page-background-enabled":"default","ast-page-background-meta":{"desktop":{"background-color":"","background-image":"","background-repeat":"repeat","background-position":"center center","background-size":"auto","background-attachment":"scroll","background-type":"","background-media":"","overlay-type":"","overlay-color":"","overlay-opacity":"","overlay-gradient":""},"tablet":{"background-color":"","background-image":"","background-repeat":"repeat","background-position":"center center","background-size":"auto","background-attachment":"scroll","background-type":"","background-media":"","overlay-type":"","overlay-color":"","overlay-opacity":"","overlay-gradient":""},"mobile":{"background-color":"","background-image":"","background-repeat":"repeat","background-position":"center center","background-size":"auto","background-attachment":"scroll","background-type":"","background-media":"","overlay-type":"","overlay-color":"","overlay-opacity":"","overlay-gradient":""}},"ast-content-background-meta":{"desktop":{"background-color":"var(--ast-global-color-5)","background-image":"","background-repeat":"repeat","background-position":"center center","background-size":"auto","background-attachment":"scroll","background-type":"","background-media":"","overlay-type":"","overlay-color":"","overlay-opacity":"","overlay-gradient":""},"tablet":{"background-color":"var(--ast-global-color-5)","background-image":"","background-repeat":"repeat","background-position":"center center","background-size":"auto","background-attachment":"scroll","background-type":"","background-media":"","overlay-type":"","overlay-color":"","overlay-opacity":"","overlay-gradient":""},"mobile":{"background-color":"var(--ast-global-color-5)","background-image":"","background-repeat":"repeat","background-position":"center center","background-size":"auto","background-attachment":"scroll","background-type":"","background-media":"","overlay-type":"","overlay-color":"","overlay-opacity":"","overlay-gradient":""}},"_themeisle_gutenberg_block_has_review":false,"footnotes":""},"categories":[172],"tags":[],"class_list":["post-17919","post","type-post","status-publish","format-standard","hentry","category-zestawienia-ru"],"acf":[],"featured_image_urls_v2":{"full":"","thumbnail":"","medium":"","medium_large":"","large":"","1536x1536":"","2048x2048":"","menu-24x24":"","menu-36x36":"","menu-48x48":"","mailpoet_newsletter_max":""},"post_excerpt_stackable_v2":"<p>Opublikowano 2 kwietnia 2019 o godzinie 15:53 autor\u00a0Edyta Dobek Metoda projektu w edukacji oraz aktywne uczenie si\u0119 uczni\u00f3w Zestawienie bibliograficzne ksi\u0105\u017cek i artyku\u0142\u00f3w z czasopism za lata 2013-2019 dost\u0119pnych w Bibliotece Pedagogicznej w Ostro\u0142\u0119ce Ksi\u0105\u017cki Do\u015bwiadczenie, reprezentacja i dzia\u0142anie w\u015br\u00f3d rzeczy i przedmiot\u00f3w : projektowanie edukacyjne \/ Jolanta Kruk. \u2013 Gda\u0144sk : Wydawnictwo Uniwersytetu Gda\u0144skiego, &nbsp;2008. Sygn. W 62464, W 64773Jak organizowa\u0107 i prowadzi\u0107 gimnazjalne projekty edukacyjne : poradnik dla dyrektor\u00f3w, szkolnych organizator\u00f3w i opiekun\u00f3w projekt\u00f3w \/ Jacek Strzemieczny. \u2013 Warszawa : O\u015brodek Rozwoju Edukacji, &nbsp;[2010]. Sygn. W 67895, P 68886Jak wdra\u017ca\u0107 metod\u0119 projekt\u00f3w? : poradnik dla nauczycieli i uczni\u00f3w&hellip;<\/p>\n","category_list_v2":"<a href=\"https:\/\/bpostrow.pl\/ru\/category\/zestawienia-ru\/\" rel=\"category tag\">Zestawienia bibliograficzne<\/a>","author_info_v2":{"name":"c2FicmFtZWs=","url":"https:\/\/bpostrow.pl\/ru\/author\/c2ficmftzws-2\/"},"comments_num_v2":"0 \u043a\u043e\u043c\u043c\u0435\u043d\u0442\u0430\u0440\u0438\u0435\u0432","_links":{"self":[{"href":"https:\/\/bpostrow.pl\/ru\/wp-json\/wp\/v2\/posts\/17919","targetHints":{"allow":["GET"]}}],"collection":[{"href":"https:\/\/bpostrow.pl\/ru\/wp-json\/wp\/v2\/posts"}],"about":[{"href":"https:\/\/bpostrow.pl\/ru\/wp-json\/wp\/v2\/types\/post"}],"author":[{"embeddable":true,"href":"https:\/\/bpostrow.pl\/ru\/wp-json\/wp\/v2\/users\/205"}],"replies":[{"embeddable":true,"href":"https:\/\/bpostrow.pl\/ru\/wp-json\/wp\/v2\/comments?post=17919"}],"version-history":[{"count":1,"href":"https:\/\/bpostrow.pl\/ru\/wp-json\/wp\/v2\/posts\/17919\/revisions"}],"predecessor-version":[{"id":29353,"href":"https:\/\/bpostrow.pl\/ru\/wp-json\/wp\/v2\/posts\/17919\/revisions\/29353"}],"wp:attachment":[{"href":"https:\/\/bpostrow.pl\/ru\/wp-json\/wp\/v2\/media?parent=17919"}],"wp:term":[{"taxonomy":"category","embeddable":true,"href":"https:\/\/bpostrow.pl\/ru\/wp-json\/wp\/v2\/categories?post=17919"},{"taxonomy":"post_tag","embeddable":true,"href":"https:\/\/bpostrow.pl\/ru\/wp-json\/wp\/v2\/tags?post=17919"}],"curies":[{"name":"wp","href":"https:\/\/api.w.org\/{rel}","templated":true}]}}