{"id":18976,"date":"2022-02-03T15:43:15","date_gmt":"2022-02-03T14:43:15","guid":{"rendered":"https:\/\/ostrow-mazowiecki.bpm.wrotamazowsza.pl\/zarzadzanie-szkola\/"},"modified":"2024-10-09T15:13:54","modified_gmt":"2024-10-09T13:13:54","slug":"zarzadzanie-szkola","status":"publish","type":"post","link":"https:\/\/bpostrow.pl\/ru\/zarzadzanie-szkola\/","title":{"rendered":"ZARZ\u0104DZANIE SZKO\u0141\u0104"},"content":{"rendered":"\n<p>Opublikowano 1 sierpnia 2011 o godzinie 14:16 autor\u00a0Edyta Dobek<\/p>\n\n\n\n<p><strong>ZARZ\u0104DZANIE SZKO\u0141\u0104<\/strong><\/p>\n\n\n\n<p><strong>Zestawienie bibliograficzne za lata 2000 \u2013 2011<\/strong><\/p>\n\n\n\n<p><strong>I. Ksi\u0105\u017cki<\/strong><\/p>\n\n\n\n<hr class=\"wp-block-separator\" \/>\n\n\n\n<ol class=\"wp-block-list\"><li>Analiza dost\u0119pnego oprogramowania wspomagaj\u0105cego zarz\u0105dzanie jednostk\u0105 o\u015bwiatow\u0105 w aspekcie oczekiwanych funkcjonalno\u015bci systemu \/ Jan Polcyn. \u2013 Pi\u0142a : Pa\u0144stwowa Wy\u017csza Szko\u0142a Zawodowa im. Stanis\u0142awa Staszica , 2008. \u2013 92 s. : il. ; 21 cm<\/li><li>Dylematy rozwoju edukacji w warunkach globalizacji \/ [red.] Daniel Fic. \u2013 Zielona G\u00f3ra : University of Zielona G\u00f3ra , 2008. \u2013 278 s. : il. ; 24 cm<\/li><li>Edukacja projako\u015bciowa : krok trzeci \/ red. nauk. Barbara Sujak-Cyrul. \u2013 Wroc\u0142aw : Oficyna Wydawnicza Atut \u2013 Wroc\u0142awskie Wydawnictwo O\u015bwiatowe : Centrum Edukacji Nauczycielskiej Uniwersytetu Wroc\u0142awskiego , 2008. \u2013 309 s. : il. ; 24 cm<\/li><li>Finansowanie i promocja dzia\u0142a\u0144 pozalekcyjnych szko\u0142y \/ Marek Mendel. \u2013 Warszawa : Dr Josef Raabe Sp\u00f3\u0142ka Wydawnicza , cop. 2007. \u2013 19 s. ; 21 cm<\/li><li>Jak zarz\u0105dza\u0107 nieruchomo\u015bci\u0105 szkoln\u0105? \/ Stanis\u0142aw Szelewa. \u2013 Warszawa : Municipium, cop. 2008. \u2013 252 s. : il. ; 21 cm<\/li><li>Jako\u015b\u0107 szko\u0142y \u2013 jej planowanie i diagnoza \/ Klemens Str\u00f3\u017cy\u0144ski, Maria Groenwald, Dariusz Staszak ; pod red. Klemensa Str\u00f3\u017cy\u0144skiego. \u2013 Jelenia G\u00f3ra : Wydaw. Nauczycielskie , 2000. \u2013 202 s. : 3 il. ; 17 cm<\/li><li>Kierowanie zmian\u0105 w szkole : nowy spos\u00f3b my\u015blenia i dzia\u0142ania \/ Danuta Elsner ; wsp\u00f3\u0142pr. Rudi Schollaert, Jane Jones, Peter Van de Moortel. \u2013 Warszawa : Wydawnictwa CODN , 2005. \u2013 143 s. : il. ; 24 cm + dysk optyczny (CD-ROM)<\/li><li>Kultura organizacyjna szko\u0142y \/ pod red. Ewy Augustyniak. \u2013 Krak\u00f3w : AGH. Uczelniane Wydawnictwa Naukowo-Dydaktyczne, 2009. \u2013 263, [1] s. : il. ; 24 cm<\/li><li>Mened\u017cer i kreator edukacji \/ pod red. Czes\u0142awa Plewki i Henryka Bednarczyka ; [aut. Henryk Bednarczyk et al.]. \u2013 Radom : Instytut Technologii Eksploatacji \u2013 Pa\u0144stwowy Instytut Badawczy , 2008. \u2013 368 s. : il. ; 25 cm<\/li><li>O jako\u015bci w zarz\u0105dzaniu prac\u0105 szko\u0142y : pr\u00f3ba odpowiedzi na wybrane pytania dotycz\u0105ce doskonalenia jako\u015bci pracy szko\u0142y \/ Maria Koszmider. \u2013 \u0141\u00f3d\u017a : \u201eAnna\u0142\u201d , 2000. \u2013 96 s. : il. ; 21 cm<\/li><li>O kierowaniu szko\u0142\u0105 \/ Stanis\u0142aw Nalaskowski. \u2013 Krak\u00f3w : \u201eImpuls\u201d , 2001. \u2013 183 s. ; 24 cm<\/li><li>Odpowiedzialne i skuteczne kierowanie szko\u0142\u0105 \/ Michael Fullan ; prze\u0142. Krzysztof Kruszewski. -Warszawa : Wydawnictwo Naukowe PWN , 2006. \u2013 86, [2] s. : il. ; 24 cm<\/li><li>Organizacja i zarz\u0105dzanie o\u015bwiat\u0105 : skrypt dla student\u00f3w Studi\u00f3w Podyplomowych Organizacji i Zarz\u0105dzania O\u015bwiat\u0105 : informator, syllabusy, materia\u0142y pomocnicze \/ pod red. Eugenii Karcz ; [oprac. program\u00f3w Jan Cie\u015blik et al.] ; Uniwersytet Opolski. Instytut Nauk Pedagogicznych. Zak\u0142ad Pedagogiki Por\u00f3wnawczej i Kszta\u0142cenia Podyplomowego. \u2013 Opole : Wydaw. UO , 2000. -129 s. ; 24 cm<\/li><li>Podstawy teoretyczne i modele system\u00f3w zarz\u0105dzania w ustawicznej edukacji zawodowej \/ pod red. Henryka Bednarczyka. \u2013 Radom : Wydawnictwo Instytutu Technologii Eksploatacji \u2013 PIB , 2005. \u2013 256 s. : il. ; 24 cm<\/li><li>Poradnik dyrektora szko\u0142y : zarz\u0105dzanie w praktyce \/ [red. merytoryczny Zygmunt Puchalski]. \u2013 Warszawa : Wydawnictwo Wiedza i Praktyka, 2011. \u2013 Skoroszyt (wiele liczb.) : il. ; 23 cm<\/li><li>Problemy organizacji i zarz\u0105dzania w instytucjach edukacyjnych \/ red. nauk. Daniel Fic ; Uniwersytet Zielonog\u00f3ski. Zielona G\u00f3ra : Drukarnia Wydawnictwo \u201dDruk-Ar\u201c, 2003. \u2013 263 s. ; 25 cm<\/li><li>Przyw\u00f3dztwo w kszta\u0142towaniu warunk\u00f3w edukacji : materia\u0142y szkoleniowe \/ pod red. nauk. Joanny M. Michalak ; [aut. Christopher W. Day et al. ; t\u0142. z j\u0119z. ang. Olaf Krzemi\u0144ski, Joanna M. Michalak]. \u2013 \u0141\u00f3d\u017a : Wydawnictwo Uniwersytetu \u0141\u00f3dzkiego, 2009. \u2013 144, [1] s. ; 30 cm<\/li><li>Przyw\u00f3dztwo w szkole \/ pod red. nauk. Joanny M. Michalak ; [wst\u0119p Joanny M. Michalak]. -Krak\u00f3w : Oficyna Wydawnicza \u201eImpuls\u201d , 2006. \u2013 202, [1] s. : il. (w tym kolor.) ; 24 cm<\/li><li>Przyw\u00f3dztwo w szkole \/ pod red. nauk. Joanny M. Michalak. \u2013 Wyd. 2. \u2013 Krak\u00f3w : Oficyna Wydawnicza \u201eImpuls\u201d , 2007. \u2013 202, [1] s. : il. ; 24 cm<\/li><li>Psychologiczne problemy zarz\u0105dzania o\u015bwiat\u0105 : wyb\u00f3r zagadnie\u0144. Cz. 1 \/ Andrzej Tarnopolski. \u2013 Cz\u0119stochowa : Regionalny O\u015brodek Doskonalenia Nauczycieli \u201eWOM\u201d, 2002. \u2013 115, [1] s. ; 21 cm<\/li><li>Skuteczne zarz\u0105dzanie wsp\u00f3\u0142czesn\u0105 szko\u0142\u0105 \/ Czes\u0142aw Plewka. \u2013 Szczecin : Centrum Doradztwa i Doskonalenia Nauczycieli , 2005. \u2013 124 s. : il. ; 23 cm<\/li><li>Szko\u0142a a organ prowadz\u0105cy \/ red. Krzysztof Gawro\u0144ski. \u2013 Warszawa : Wolters Kluwer Polska , 2008. \u2013 381 s. ; 21 cm<\/li><li>Szko\u0142a w zmianie : zarz\u0105dzanie i komunikacja w sytuacjach szkolnych \/ red. nauk. Wojciech J. Maliszewski, Inetta Nowosad, Roman U\u017adzicki. \u2013 Toru\u0144 : Wydawnictwo Adam Marsza\u0142ek , cop. 2009. \u2013 248 s. : il. ; 23 cm<\/li><li>Technologia informacyjna w usprawnianiu zarz\u0105dzania szko\u0142\u0105 : podr\u0119cznik z \u0107wiczeniami \/ Zygmunt Apiecionek ; pod red. Janusza Trawki ; Akademia Ekonomiczna im. Karola Adamieckiego. Kolegium Zarz\u0105dzania. -Katowice : AE. KZ , 2000. \u2013 71, 33 s. : il. ; 25 cm<\/li><li>Wielowymiarowo\u015b\u0107 zarz\u0105dzania i komunikacji spo\u0142ecznej w szkole \/ pod red. Kazimierza Czerwi\u0144skiego, Jana Kubiczka, Barbary Kutrowskiej. \u2013 Toru\u0144 : Wydawnictwo Adam Marsza\u0142ek, 2010. \u2013 436 s. : il. ; 23 cm<\/li><li>Zarys teorii i praktyki organizacji i kierowania procesem dydaktyczno-wychowawczym \/ Henryk Budze\u0144 ; Politechnika Radomska im. Kazimierza Pu\u0142askiego. \u2013 Radom : PR , 2001. \u2013 205 s. ; 20 cm<\/li><li>Zarz\u0105dzanie kompetencjami w jednostkach o\u015bwiaty : aspekty empiryczne i teoretyczne \/ Sylwia Domagalska. \u2013 D\u0105browa G\u00f3rnicza : Wy\u017csza Szko\u0142a Biznesu, 2009. \u2013 152 s. ; 24 cm<\/li><li>Zarz\u0105dzanie personelem nauczycielskim w o\u015bwiacie \/ Katarzyna Piwowar-Sulej. \u2013 Warszawa ; Krak\u00f3w : Wolters Kluwer Polska , 2009. \u2013 203 s. : il. ; 21 cm<\/li><li>Zarz\u0105dzanie plac\u00f3wk\u0105 o\u015bwiatow\u0105 \/ Krzysztof Gawro\u0144ski, Arkadiusz Stefan. \u2013 Wyd. 2. -Warszawa : Dom Wydawniczy ABC. Wolters Kluwer Polska , 2006. \u2013 335 s. ; 21 cm + dysk optyczny (CD-ROM)<\/li><li>Zarz\u0105dzanie plac\u00f3wk\u0105 o\u015bwiatow\u0105 \/ Krzysztof Gawro\u0144ski, Arkadiusz Stefan. \u2013 3. wyd. \u2013 Warszawa : Wolters Kluwer Polska , 2008. \u2013 351 s. ; 21 cm + dysk optyczny (CD-ROM)<\/li><li>Zarz\u0105dzanie plac\u00f3wk\u0105 o\u015bwiatow\u0105 : organizacja, nadz\u00f3r, narz\u0119dzia informatyczne, wzory dokument\u00f3w \/ Krzysztof Gawro\u0144ski, Arkadiusz Stefan. \u2013 Krak\u00f3w : \u201eABC\u201d , 2005. \u2013 317 s. : rys. ; 21 + CD-ROM<\/li><li>Zarz\u0105dzanie reformowan\u0105 szko\u0142\u0105 : wybrane problemy teoretyczno-praktyczne \/ Stefan Witek. -Warszawa ; Krak\u00f3w : Wydaw. Naukowe PWN , 2000. \u2013 144 s. ; 21 cm<\/li><li>Zarz\u0105dzanie szko\u0142\u0105 XXI wieku : perspektywa mened\u017cerska \/ Izabela Bednarska-Wnuk. \u2013 Warszawa : Wolters Kluwer Polska, 2010. \u2013 183 s. : il. ; 21 cm<\/li><li>Zarz\u0105dzanie w plac\u00f3wce o\u015bwiatowej : podr\u0119cznik dyrektora szko\u0142y \/ Wy\u017csza Szko\u0142a Ekonomiczno Spo\u0142eczna w Ostro\u0142\u0119ce. \u2013 Ostro\u0142\u0119ka : Wydawnictwo Wy\u017cszej Szko\u0142y Ekonomiczno-Spo\u0142ecznej , 2009. \u2013 239 s. : il. ; 24 cm<\/li><\/ol>\n\n\n\n<p><strong>II. Artyku\u0142y z czasopism<\/strong><\/p>\n\n\n\n<hr class=\"wp-block-separator\" \/>\n\n\n\n<ol class=\"wp-block-list\"><li>A mo\u017ce tak\u2026? \/ Liliana Budkowska, Alicja Oleska. \/\/ Dyrektor Szko\u0142y. \u2013 2005, nr 1, s. 33-36&nbsp;<em>Programowanie rozwoju szko\u0142y i wewn\u0105trzszkolnego systemu jako\u015bci<\/em><\/li><li>Aspekty zarz\u0105dzania us\u0142ugami o\u015bwiatowymi \/ Joanna \u017byra. \/\/ Pedagogika Pracy. \u2013 [Nr] 43, (2003), s. 111-119<\/li><li>Autonomia szk\u00f3\u0142 w Europie \u2013 strategia i dzia\u0142ania \/ Magdalena G\u00f3rowska-Fells. \/\/ J\u0119zyki Obce w Szkole. \u2013 R. 52, nr 6 (2008), s. 293-299<\/li><li>Awans nauczycieli jako mechanizm rozwoju szko\u0142y : lekcja 2 rok szkolny 2007\/2008 \/ Irena Dzierzgowska. \/\/ Dyrektor Szko\u0142y. \u2013 2007, nr 10, dod. s. 1-8<\/li><li>Coachingowy styl kierowania \/ Jolanta Filipczyk.\/\/ Dyrektor Szko\u0142y. \u2013 2011, nr 3, s. 18-22<\/li><li>Czy Unia Europejska d\u0105\u017cy do ujednolicenia system\u00f3w szkolnych? \/ Wiktor Rabczuk. \/\/ Zarz\u0105dzanie i Edukacja. \u2013 2001, nr 3, s. 91-104<\/li><li>Decyzje : lekcja 2 rok szkolny 2005\/2006 \/ Irena Dzierzgowska. \/\/ Dyrektor Szko\u0142y. \u2013 2005, nr 10, dod. s. 2-8<\/li><li>Demokratyczne zarz\u0105dzanie szko\u0142\u0105 \/ Miros\u0142aw Sielatycki. \/\/ Dyrektor Szko\u0142y. \u2013 2006, nr 12, s. 12-15<\/li><li>Dlaczego warto odda\u0107 nadz\u00f3r samorz\u0105dom? \/ Jaros\u0142aw Kordzi\u0144ski. \/\/ Dyrektor Szko\u0142y. \u2013 2009, nr 5, s. 39-40<\/li><li>Dlaczego warto wdra\u017ca\u0107 ISO w szkole? \/ Dobrochna Sztajerska. \/\/ Dyrektor Szko\u0142y. \u2013 2005, nr 6, s. 26-27<\/li><li>Dokumentowanie pracy szko\u0142y \/ Janusz Szklarczyk. \/\/ Dyrektor Szko\u0142y. \u2013 2006, nr 1, s. 35-39<\/li><li>Dokumentowanie systemu kontroli zarz\u0105dczej \/ Ewa Skwarka.\/\/ Wychowanie w Przedszkolu. \u2013 2011, nr 1, dod. Poradnik Dyrektora, s. 11-15<\/li><li>Dyrektor przejrzystej szko\u0142y \/ Miros\u0142aw Sielatycki. \/\/ Dyrektor Szko\u0142y. \u2013 2006, nr 7, s. 25-28<\/li><li>Dyrektor szko\u0142y jako organizator pracy zespo\u0142owej nauczycieli \/ lekcja 9 rok szkolny 2007\/2008 \/ Stefan Wlaz\u0142o. \u2013&nbsp; ( Akademia Zarz\u0105dzania \u201eDyrektora Szko\u0142y\u201d)&nbsp; \/\/ Dyrektor Szko\u0142y. \u2013 2008, nr 5, dod. s. I-VIII<\/li><li>Dyrektorze, dlaczego potrzebna Ci wizja? : problemy zarz\u0105dzania w o\u015bwiacie \/ Danuta Elsner. \/\/ Dyrektor Szko\u0142y. \u2013 2000, nr 9, s. 18-19<\/li><li>Dzia\u0142alno\u015b\u0107 dyrektora wsp\u00f3\u0142czesnej szko\u0142y a rola i funkcje doradztwa metodycznego \/ Miros\u0142awa Raczkowska-Lipi\u0144ska. \/\/ Journal of Modern Science. \u2013 Y. 1, [nr] 1 (2005), s. 257-294<\/li><li>Dzia\u0142anie w sytuacjach trudnych \/ Klemens Str\u00f3\u017cy\u0144ski. \/\/ Dyrektor Szko\u0142y. \u2013 2007, nr 6, s. 10-12<\/li><li>Edukacja widziana z dw\u00f3ch perspektyw \/ Anna R\u0119kawek. \/\/ Dyrektor Szko\u0142y. \u2013 2006, nr 7, s. 11-13<\/li><li>Entuzjazm wobec zmiany \/ Danuta Elsner. \/\/ Dyrektor Szko\u0142y. \u2013 2007, nr 11, s. 14-15<\/li><li>Ewaluacja w szkole jako organizacji ucz\u0105cej si\u0119 \/ Eugenia Potulicka. \/\/ Rocznik Pedagogiczny. \u2013 T. 26, (2003), s. 93-101<\/li><li>Innowacyjne zarz\u0105dzanie szko\u0142\u0105 \/ Jan Fazlagi\u0107.\/\/ Dyrektor Szko\u0142y. \u2013 2010, nr 1, dod. Niezb\u0119dnik Dyrektora, s. 2-24<\/li><li>Inwestowanie, czy opisywanie? : co my\u015bl\u0105 studenci? \/ Antoni Je\u017cowski. \/\/ Dyrektor Szko\u0142y. \u2013 2003, nr 7\/8, s. 49-51<\/li><li>Jak by\u0107 dobrym mened\u017cerem w o\u015bwiacie? \/ rozm. z Renat\u0105 Gut ; rozm. Jan Fazlagi\u0107.\/\/ Dyrektor Szko\u0142y. \u2013 2011, nr 2, s. 28-29<\/li><li>Jak sobie radzi\u0107 w trudnych sytuacjach w szkole? \/ Lucyna Bojarska, Maciej Osuch. \/\/ Dyrektor Szko\u0142y. \u2013 2007, nr 6, dod. Niezb\u0119dnik Dyrektora, s. 1-16<\/li><li>Jak wybiera\u0107 oprogramowanie do zarz\u0105dzania szko\u0142\u0105 \/ Alicja Gintowt. \/\/ Dyrektor Szko\u0142y. \u2013 2004, nr 1, dod. s. 16,18,20,22<\/li><li>Kadra w szkole jako organizacji ucz\u0105cej si\u0119 \/ Eugenia Potulicka. \/\/ Nowa Szko\u0142a. \u2013 R. 62, nr 8 (2006), s. 19-23<\/li><li>Kierowanie a zarz\u0105dzanie na przyk\u0142adzie o\u015bwiaty \/ Antoni Pi\u0119del. \/\/ Zeszyty Naukowe \/ Wy\u017csza Szko\u0142a Ekonomiczna w Stalowej Woli. \u2013 2005, nr 1 \/ 2006, nr 1, s. 179-185<\/li><li>Kierowanie zespo\u0142em \/ Dorota Nowicka.\/\/ Dyrektor Szko\u0142y. \u2013 2004, nr 6, s. 62<\/li><li>Kilka refleksji na temat doskonalenie szko\u0142y \/ Bengt-G\u00f6te Freding ; t\u0142. Danuta Elsner. \/\/ Dyrektor Szko\u0142y. \u2013 2007, nr 4, s. 24, 26&nbsp;<em>Referat z konferencji \u201eUczenie si\u0119 i kierowanie w szkole\u201d, Brugia<\/em><\/li><li>Kompetencje dyrektor\u00f3w a marketingowe zarz\u0105dzanie plac\u00f3wkami edukacyjnymi \/ Miros\u0142awa \u017burawska.\/\/ Nowa Szko\u0142a. \u2013 2008, nr 9, s. 21-28<\/li><li>Kontrola zarz\u0105dcza \u2013 to proste! \/ El\u017cbieta Linowska.\/\/ Dyrektor Szko\u0142y. \u2013 2011, nr 4, s. 55-66<\/li><li>Kontrola zarz\u0105dcza: nowe \u2013 stare obowi\u0105zki dyrektora plac\u00f3wki o\u015bwiatowej \/ El\u017cbieta Linowska.\/\/ Dyrektor Szko\u0142y. \u2013 2010, nr 12, s. 24-25<\/li><li>Kreowanie wizerunku szko\u0142y \/ Marek Kazimierowicz. \/\/ Nowa Szko\u0142a. \u2013 R. 62, nr 4 (2006), s. 25-28<\/li><li>Kryzys w szkole \u2013 dwa scenariusze \/ Ewa Blankenstein. \/\/ Psychologia w Szkole. \u2013 2004, nr 4, s. 87-99<\/li><li>Kszta\u0142towanie si\u0119 systemu zarz\u0105dzania o\u015bwiat\u0105 w Polsce od XVIII do XX wieku : (zarys historyczny) \/ Stanis\u0142aw Majewski. \/\/ Studia Pedagogiczne Akademii \u015awi\u0119tokrzyskiej. \u2013 T. 14, (2003), s. 169-205<\/li><li>Lider WDN kreatorem sytuacji ucz\u0105cych w radzie pedagogicznej : lekcja 8 \/ Danuta Elsner. \/\/ Dyrektor Szko\u0142y. \u2013 2005, nr 7\/8, s. 55-60<\/li><li>Likwidacja kuratori\u00f3w o\u015bwiaty sposobem na usprawnienie zarz\u0105dzania? \/ Jerzy Kotl\u0119ga. \/\/ Dyrektor Szko\u0142y. \u2013 2008, nr 4, s. 48-49<\/li><li>Literatura z zakresu polityki edukacyjnej oraz zarz\u0105dzania o\u015bwiat\u0105 \/ Czes\u0142aw Banach. \/\/ Nowa Szko\u0142a. \u2013 2001, nr 1, s. 55-57<\/li><li>Mam do\u015b\u0107! : kto mo\u017ce pom\u00f3c dyrektorowi \/ Ma\u0142gorzata Nowak. \/\/ Dyrektor Szko\u0142y. \u2013 2004, nr 4, s. 31-34<\/li><li>Marketingowe zarz\u0105dzanie szko\u0142\u0105 \u2013 szansa na reform\u0119 polskiej o\u015bwiaty? \/ Jan Fazlagi\u0107.\/\/ Edukacja i Dialog. \u2013 2007, nr 8, s. 14-15<\/li><li>Mened\u017cer o\u015bwiaty \/ Lechos\u0142aw Gawrecki. \/\/ Dyrektor Szko\u0142y. \u2013 2003, nr 1, s. 3-5<\/li><li>Mened\u017cer zarz\u0105dzania jako\u015bci\u0105 \u2013 warto czy nie warto? \/ Lidia Turska. \/\/ Dyrektor Szko\u0142y. \u2013 2005, nr 7\/8, s. 40-41<\/li><li>Mierzenie jako\u015bci \u2013 fakty i fikcje \/ Beata Safuta. \/\/ Dyrektor Szko\u0142y. \u2013 2006, nr 6, s. 14-16<\/li><li>Mierzenie jako\u015bci inaczej. Cz. 1 \/ Klemens Str\u00f3\u017cy\u0144ski. \/\/ Dyrektor Szko\u0142y. \u2013 2006, nr 10, s. 34-38<\/li><li>Mierzenie jako\u015bci inaczej. Cz. 2 \/ Klemens Str\u00f3\u017cy\u0144ski. \/\/ Dyrektor Szko\u0142y. \u2013 2006, nr 11, s. 33-35<\/li><li>Model kompetencji dyrektora szko\u0142y \/ Miros\u0142aw Sielatycki. \/\/ Dyrektor Szko\u0142y. \u2013 2006, nr 10, s. 11-12,14-16<\/li><li>Momenty krytyczne w procesie zmiany \/ Danuta Elsner. \/\/ Dyrektor Szko\u0142y. \u2013 2009, nr 7, s. 16-18<\/li><li>Motywowanie pracownik\u00f3w : lekcja 6 rok szkolny 2005\/2006 \/ Irena Dzierzgowska, Amir Fazlagi\u0107. \/\/ Dyrektor Szko\u0142y. \u2013 2006, nr 2, dod. s. 1-8<\/li><li>Motywowanie pracownik\u00f3w w organizacji opartej na wiedzy \/ Adam Wyrwa. \/\/ Dyrektor Szko\u0142y. \u2013 2004, nr 4, s. 38-39<\/li><li>Motywuj\u0105ca rola dyrektora szko\u0142y \/ Bo\u017cena Walczak. \/\/ Dyrektor Szko\u0142y. \u2013 2003, nr 3, s. 8-9<\/li><li>Mo\u017cliwo\u015bci wykorzystania w szkole koncepcji zarz\u0105dzania wiedz\u0105 \/ Iwona Krop. \/\/ Prometeusz. \u2013 R. 2, nr 4 (2005), s. 73-82<\/li><li>Mo\u017cliwo\u015bci zastosowania metody 360\u00b0 w o\u015bwiacie \/ Jan Fazlagi\u0107. \/\/ Dyrektor Szko\u0142y. \u2013 2009, nr 5, s. 18, 21-22<\/li><li>Nauczyciele na nowy wiek \/ Antoni Je\u017cowski. \/\/ Dyrektor Szko\u0142y. \u2013 2007, nr 2, s. 30-31<\/li><li>Niesprawno\u015b\u0107 w pracy dyrektor\u00f3w szk\u00f3\u0142 \/ Romuald Szczotkiewicz. \/\/ Dyrektor Szko\u0142y. \u2013 2002, nr 10, s. 23-25<\/li><li>Nowa moda, czyli\u2026 Certyfikaty Jako\u015bci Edukacji \/ Roman Lorens. \/\/ Dyrektor Szko\u0142y. \u2013 2006, nr 7, s. 30-31<\/li><li>Nowoczesne koncepcje zarz\u0105dzania szko\u0142\u0105 : lekcja 2\/13 rok szkolny 2006\/2007 \/ Irena Dzierzgowska. \/\/ Dyrektor Szko\u0142y. \u2013 2006, nr 10, dod. s. 1-8<\/li><li>Nowoczesne zarz\u0105dzanie a nadz\u00f3r \/ Klemens Str\u00f3\u017cy\u0144ski.\/\/ Dyrektor Szko\u0142y. \u2013 2007, nr 4, s. 8-9<\/li><li>O nadzorze praktycznie niejako \/ Krzysztof Zajdel. \/\/ Dyrektor Szko\u0142y. \u2013 2009, nr 1, s. 17-18<\/li><li>O niekt\u00f3rych terminach zwi\u0105zanych z jako\u015bci\u0105. Cz. 1 \/ Stefan Wlaz\u0142o. \/\/ Dyrektor Szko\u0142y. \u2013 2005, nr 1, s. 29-32<\/li><li>O niekt\u00f3rych terminach zwi\u0105zanych z jako\u015bci\u0105. Cz. 2 \/ Stefan Wlaz\u0142o. \/\/ Dyrektor Szko\u0142y. \u2013 2005, nr 2, s. 29-31<\/li><li>O niekt\u00f3rych terminach zwi\u0105zanych z jako\u015bci\u0105. Cz. 3 \/ Stefan Wlaz\u0142o. \/\/ Dyrektor Szko\u0142y. \u2013 2005, nr 3, s. 33-35<\/li><li>O niekt\u00f3rych terminach zwi\u0105zanych z jako\u015bci\u0105. Cz. 4 \/ Stefan Wlaz\u0142o. \/\/ Dyrektor Szko\u0142y. \u2013 2005, nr 4, s. 33-34<\/li><li>O niekt\u00f3rych terminach zwi\u0105zanych z jako\u015bci\u0105. Cz. 5 \/ Stefan Wlaz\u0142o. \/\/ Dyrektor Szko\u0142y. \u2013 2005, nr 5, s. 31-34<\/li><li>Od sceptycyzmu do entuzjazmu \u2013 czyli by\u0142am, zobaczy\u0142am, nie zawiod\u0142am si\u0119 \/ Urszula Guja. \/\/ Dyrektor Szko\u0142y. \u2013 2003, nr 7\/8, s. 69-70&nbsp;<em>Konferencja \u201eZarz\u0105dzanie o\u015bwiat\u0105\u201d w Krakowie<\/em><\/li><li>Od WDN do szko\u0142y jako ucz\u0105cej si\u0119 organizacji : lekcja 6 \/ Danuta Elsner. \/\/ Dyrektor Szko\u0142y. \u2013 2005, nr 6, s. 29-35<\/li><li>Od WDN do szko\u0142y jako ucz\u0105cej si\u0119 organizacji : lekcja 7 \/ Danuta Elsner. \/\/ Dyrektor Szko\u0142y. \u2013 2005, nr 7\/8, s. 49-55<\/li><li>Odmowa wsp\u00f3\u0142pracy \u2013 tracisz ty, tracimy wszyscy : problemy zarz\u0105dzania w o\u015bwiacie \/ Danuta Elsner. \/\/ Dyrektor Szko\u0142y. \u2013 2002, nr 1, s. 3-5<\/li><li>Odpoczywa\u0107 z sensem : lekcja 11 rok szkolny 2005\/2006 \/ Irena Dzierzgowska. \/\/ Dyrektor Szko\u0142y. \u2013 2006, nr 7, dod. s. 1-8<\/li><li>Organizacja narad w szkole \/ Jaros\u0142aw Kordzi\u0144ski. \/\/ Dyrektor Szko\u0142y. \u2013 2006, nr 9, s. 8,10,12-13<\/li><li>Planowanie rozwoju szko\u0142y przez dyrektora gimnazjum : (z bada\u0144 w\u0142asnych) \/ Maria Szyma\u0144ska. \/\/ Nowa Szko\u0142a. \u2013 2003, nr 3, s. 8-11<\/li><li>Polska szko\u0142a jako organizacja ucz\u0105ca si\u0119 \/ Amir Fazlagi\u0107. \/\/ E-Mentor. \u2013 2005, nr 3, s. 42-47<\/li><li>Pora\u017cki dyrektor\u00f3w szk\u00f3\u0142 we wdra\u017caniu reformy \/ Kazimiera Atama\u0144czuk. \/\/ Nowa Szko\u0142a. \u2013 2000, nr 7, s. 20-21<\/li><li>Pracowa\u0107 z entuzjazmem : lekcja 9 rok szkolny 2005\/2006 \/ Irena Dzierzgowska. \/\/ Dyrektor Szko\u0142y. \u2013 2006, nr 5, dod. s. 2-8<\/li><li>Proces zarz\u0105dzania personelem w szko\u0142ach i jego uwarunkowania \/ Katarzyna Piwowar-Sulej. \/\/Wsp\u00f3\u0142czesne Zarz\u0105dzanie. \u2013 2008, nr 3, s. 78-84<\/li><li>Program rozwoju szko\u0142y \u2013 zniesiony obowi\u0105zek czy istotna potrzeba? \/ Jolanta Bedner. \/\/ Dyrektor Szko\u0142y. \u2013 2007, nr 11, s. 25-26, 29<\/li><li>Program zarz\u0105dzania wiedz\u0105 dla polskiej szko\u0142y \/ Amir Fazlagi\u0107. \/\/ Dyrektor Szko\u0142y. \u2013 2005, nr 9, s. 19-22<\/li><li>\u201ePromocyjna sprzeda\u017c\u201d szko\u0142y \/ Marek Kazimierowicz.\/\/ Nowa Szko\u0142a. \u2013 2010, nr 9, s. 23-29<\/li><li>Public relations w zarz\u0105dzaniu o\u015bwiat\u0105 \/ Zdzis\u0142awa Dacko. \/\/ Dyrektor Szko\u0142y. \u2013 2001, nr 9, s. 3-6<\/li><li>Recepta na cud \/ Danuta Elsner. \/\/ Dyrektor Szko\u0142y. \u2013 2009, nr 5, s. 50-51<\/li><li>Refleksje na temat kierowania zmian\u0105 \/ Danuta Elsner. \/\/ Dyrektor Szko\u0142y. \u2013 2004, nr 11, s. 24-25<em>&nbsp;Doskonalenie jako\u015bci pracy szko\u0142y<\/em><\/li><li>Refleksje po zako\u0144czeniu pierwszego etapu realizacji programu Szko\u0142a Zarz\u0105dzaj\u0105ca Wiedz\u0105 \/ Magdalena Janowska. \/\/ Dyrektor Szko\u0142y. \u2013 2006, nr 3, s. 20-25<\/li><li>Rola kapita\u0142u spo\u0142ecznego w funkcjonowaniu nowoczesnej szko\u0142y \/ Aneta Anna Wiktorzak. \/\/ Dyrektor Szko\u0142y. \u2013 2007, nr 7, s. 23-25<\/li><li>Role dyrektora szko\u0142y \/ Stefan Wlaz\u0142o. \/\/ Dyrektor Szko\u0142y. \u2013 2007, nr 1, s. 14-16<\/li><li>Role dyrektora szko\u0142y w ucz\u0105cej si\u0119 zawodowej spo\u0142eczno\u015bci \/ Eric Verbiest ; t\u0142. z ang. Danuta Elsner. \/\/ Dyrektor Szko\u0142y. \u2013 2009, nr 1, s. 13-14<\/li><li>Samodzielny dyrektor \u2013 kompetencje zarz\u0105dzaj\u0105cego we wsp\u00f3\u0142czesnej szkole \/ Rafa\u0142 Otr\u0119ba, Jacek Szo\u0142tysek. \/\/ Dyrektor Szko\u0142y. \u2013 2010, nr 3, s. 12-14<\/li><li>Siedem zada\u0144 instytucji zarz\u0105dzaj\u0105cej wiedz\u0105 : lekcja 3\/14 rok szkolny 2006\/2007 \/ Irena Dzierzgowska. \/\/ Dyrektor Szko\u0142y. \u2013 2006, nr 11, dod. s. 1-2, 7-8<\/li><li>Skuteczne zarz\u0105dzanie szko\u0142\u0105 \/ Marek Kazimierowicz.\/\/ Nowa Szko\u0142a. \u2013 2008, nr 8, s. 30-33<\/li><li>Spo\u0142eczne organy kierowania szko\u0142\u0105 \/ Iwona Zieli\u0144ska. \/\/ Debiuty Naukowe WSHE. \u2013 T. 3, (2002), s. 93-116<\/li><li>Standardy kierowania szkock\u0105 szko\u0142\u0105 \/ Ma\u0142gorzata Falkiewicz. \/\/ Dyrektor Szko\u0142y. \u2013 2003, nr 6, s. 30-32<\/li><li>Stres w pracy mened\u017cera szko\u0142y \/ Beata Bry\u015b. \/\/ Dyrektor Szko\u0142y. \u2013 2009, nr 7, s. 36-38<\/li><li>Styl pracy dyrektora szko\u0142y XXI wieku \/ Joanna \u0141ukasik. \/\/ Edukacja. \u2013&nbsp; 2009, nr 2, s. 78-84<\/li><li>Systemy zarz\u0105dzania jako\u015bci\u0105 w edukacji \/ Henryk Bednarczyk, Tomasz Su\u0142kowski, Miros\u0142aw \u017burek. \/\/ Edukacja Ustawiczna Doros\u0142ych. \u2013 2004, t. 4, s. 26-34<\/li><li>Szkolenie mened\u017cerskie w Hajfie \/ Tadeusz Sakowicz. \/\/ Edukacja. \u2013 2003, nr 2, s. 121-123<em>&nbsp;Problemy edukacji i wychowania w Izraelu<\/em><\/li><li>Szkolny system jako\u015bci \/ Leszek Weichert. \/\/ Dyrektor Szko\u0142y. \u2013 2005, nr 2, s. 34-36<\/li><li>Szko\u0142a na kryzys \/ Ewa Blankenstein. \/\/ Psychologia w Szkole. \u2013 2004, nr 3, s. 21-27<\/li><li>Szko\u0142a w nowym modelu organizacji i zarz\u0105dzania szkolnictwem \/ Inetta Nowosad. \/\/ Ruch Pedagogiczny. \u2013 R. 80, nr 1\/2 (2009), s. 63-69<\/li><li>\u201e\u015al\u0105ska Szko\u0142a Jako\u015bci\u201d : certyfikat \u015al\u0105skiego Kuratora O\u015bwiaty \/ Ewa Fiedziukiewicz, Maria Zmijewska-Miko\u015b. \/\/ Dyrektor Szko\u0142y. \u2013 2006, nr 9, s. 14-15<\/li><li>Techniki zarz\u0105dzania : lekcja 1 \/ Irena Dzierzgowska.\/\/ Dyrektor Szko\u0142y. \u2013 2004, nr 11, s. 30-33<\/li><li>Tendencje zmian w systemie zarz\u0105dzania o\u015bwiat\u0105 w Polsce doby transformacji ustrojowej (1989-2004) \/ Stanis\u0142aw Majewski. \/\/ Studia Pedagogiczne Akademii \u015awi\u0119tokrzyskiej. \u2013 T. 15 (2005), s. 125-139<\/li><li>Teoria szko\u0142y \/ Antoni Smo\u0142alski. \/\/ Dyrektor Szko\u0142y. \u2013 2000, nr 3, s. 23-25<\/li><li>Uspo\u0142ecznienie zarz\u0105dzania edukacj\u0105 w Walii i w Polsce \u2013 por\u00f3wnanie \/ Ma\u0142gorzata Lewandowska.\/\/ Dyrektor Szko\u0142y. \u2013 2010, nr 6, s. 27-30<\/li><li>W d\u0105\u017ceniu do doskona\u0142o\u015bci\u2026 \/ Kamila Mazurek. \/\/ Dyrektor Szko\u0142y. \u2013 2007, nr 1, s. 20-22<\/li><li>Wiedza ukryta w zarz\u0105dzaniu plac\u00f3wk\u0105 o\u015bwiatow\u0105 \/ Jan A. Fazlagi\u0107.\/\/ Edukacja i Dialog. \u2013 2008, nr 2, s. 32-33<\/li><li>\u201eWiosna Dyrektor\u00f3w\u201d czyli w poszukiwaniu jako\u015bci : wyk\u0142ad \/ Jan Potworowski. \/\/ Dyrektor Szko\u0142y. \u2013 2005, nr 6, s. 10-13<\/li><li>Wizja dobrej szko\u0142y \/ Ma\u0142gorzata Nowak. \/\/ Nowa Szko\u0142a. \u2013 2001, nr 6, s. 26-27<\/li><li>Wizje organizacji i ich znaczenie w zarz\u0105dzaniu szko\u0142ami \/ Marek Chorzewski. \u2013&nbsp; \/\/ Zeszyty Naukowe. Ekonomiczne Problemy Us\u0142ug \/ Uniwersytet Szczeci\u0144ski. \u2013 Nr 20, t. 2 (2008), s. 35-41<em>&nbsp;Materia\u0142y z I Konferencji Naukowej \u201eUs\u0142ugi w Polsce \u2013 nauka, dydaktyka, praktyka wobec wyzwa\u0144 przysz\u0142o\u015bci\u201d, Szczecin.<\/em><\/li><li>W\u0142a\u015bnie nadszed\u0142 czas dla lepszych \/ Tadeusz Pomianek ; rozm. przepr. Tadeusz Pola\u0144ski. \/\/ Kwartalnik Edukacyjny. \u2013 2006, nr 1, s. 68-71<\/li><li>Wolny rynek w o\u015bwiacie, czyli dlaczego dyrektor szko\u0142y musi by\u0107 mened\u017cerem? \/ Lechos\u0142aw Gawrecki. \/\/ Dyrektor Szko\u0142y. \u2013 2003, nr 2, s. 13-15<\/li><li>Wp\u0142yw jednostek samorz\u0105du terytorialnego na funkcjonowanie szk\u00f3\u0142 wiejskich \/ Anna Nowak. \/\/ Wsp\u00f3\u0142czesne Zarz\u0105dzanie. \u2013 2005, nr 3, s. 90-98<\/li><li>Wsp\u00f3\u0142dzia\u0142anie dyrektora z rad\u0105 pedagogiczn\u0105 \/ Krzysztof Zajdel. \/\/ Dyrektor Szko\u0142y. \u2013 2001, nr 10, s. 26<\/li><li>Wykorzystanie komputera w zarz\u0105dzaniu \/ Ma\u0142gorzata Sarud. \/\/ Dyrektor Szko\u0142y. \u2013 2003, nr 1, s. 20-21<\/li><li>Wykorzystanie metody Servqual do oceny jako\u015bci us\u0142ug \u015bwiadczonych przez szko\u0142\u0119 \/ Rados\u0142aw Wolniak, Wioletta Wa\u015bka. \/\/ Zeszyty Naukowe. Organizacja i Zarz\u0105dzanie \/ Politechnika \u015al\u0105ska. \u2013 Z. 39 (2006), s. 55-78<\/li><li>Zadania i organizacja pracy dyrektora plac\u00f3wki o\u015bwiatowej \/ Andrzej Warmi\u0144ski. \/\/ Zarz\u0105dzanie i Edukacja. \u2013 Nr 64\/65 (2009), s. 153-180<\/li><li>Zakres autonomii i odpowiedzialno\u015bci nauczycieli w Europie \/ Anna Smoczy\u0144ska. \/\/ J\u0119zyki Obce w Szkole. \u2013 R. 52, nr 6 (2008), s. 289-293<\/li><li>Zarz\u0105dzanie jako\u015bci\u0105 kszta\u0142cenia w \u015bwietle integracji z Uni\u0105 Europejsk\u0105 \/ Marzena Dymek. \/\/ Prace Naukowe. Pedagogika \/ Politechnika Radomska im. Kazimierza Pu\u0142askiego. \u2013 2002, nr 2, s. 49-57<\/li><li>Zarz\u0105dzanie konfliktem w organizacji \/ Urszula Puli\u0144ska. \u2013&nbsp; Bibliogr. \u2013&nbsp; Streszcz. ang. \/\/ Rocznik Naukowy Wy\u017cszej Szko\u0142y Informatyki i Ekonomii Towarzystwa Wiedzy Powszechnej w Olsztynie. Socjologia, Pedagogika. \u2013 R. 1 (2007), s. 255-259<\/li><li>Zarz\u0105dza\u0107 na luzie : lekcja 3 rok szkolny 2008\/2009 \/ Irena Dzierzgowska. \u2013&nbsp; ( Akademia Zarz\u0105dzania \u201eDyrektora Szko\u0142y\u201d )&nbsp; \/\/ Dyrektor Szko\u0142y. \u2013 2008, nr 11, dod. s. I-VI,VIII<\/li><li>Zarz\u0105dzanie jako\u015bci\u0105 kszta\u0142cenia w \u015bwietle integracji z Uni\u0105 Europejsk\u0105 \/ Marzena Dymek. \/\/ Prace Naukowe. Pedagogika \/ Politechnika Radomska im. Kazimierza Pu\u0142askiego. \u2013 2002, nr 2, s. 49-57<\/li><li>Zarz\u0105dzanie konfliktem w organizacji \/ Urszula Puli\u0144ska. \/\/ Rocznik Naukowy Wy\u017cszej Szko\u0142y Informatyki i Ekonomii Towarzystwa Wiedzy Powszechnej w Olsztynie. Socjologia, Pedagogika. \u2013 R. 1 (2007), s. 255-259<\/li><li>Zarz\u0105dzanie o\u015bwiat\u0105 \u2013 z do\u015bwiadcze\u0144 szk\u00f3\u0142 ameryka\u0144skich \/ Stefania Szczurkowska. \/\/ Nowa Szko\u0142a. \u2013 2003, nr 5, s. 48-52<\/li><li>Zarz\u0105dzanie poprzez warto\u015bci w plac\u00f3wce o\u015bwiatowej \/ Mariusz Dobija\u0144ski. \/\/ Podlaskie Zeszyty Pedagogiczne. \u2013 Nr 4, (2001), s. 101-110<\/li><li>Zarz\u0105dzanie procesem zmian w organizacji \/ Tomasz Nazarenko. \/\/ Dyrektor Szko\u0142y. \u2013 2008, nr 3, s. 45-46<\/li><li>Zarz\u0105dzanie projektem autoewaluacji w szkole \/ Beata Owczarska. \/\/ Rocznik Edukacji Alternatywnej. \u2013 2004\/2005, [nr] 1, s. 239-245<\/li><li>Zarz\u0105dzanie przez delegowanie uprawnie\u0144 \/ Aleksander Wro\u0144ski. \/\/ Kwartalnik Edukacyjny. \u2013 2007, nr 3, s. 71-79<\/li><li>Zarz\u0105dzanie szko\u0142\u0105 jako obiektem budowlanym : lekcja 7 rok szkolny 2007\/2008 \/ Stanis\u0142aw Szelewa. \u2013&nbsp; ( Akademia Zarz\u0105dzania \u201eDyrektora Szko\u0142y\u201d)&nbsp; \/\/ Dyrektor Szko\u0142y. \u2013 2008, nr 3, dod. s. I-VIII<\/li><li>Zarz\u0105dzanie szko\u0142\u0105 poprzez budowanie zespo\u0142u \/ Marek Kazimierowicz. \/\/ Nowa Szko\u0142a. \u2013 R. 61, nr 1 (2005), s. 31-34<\/li><li>Zarz\u0105dzanie wiedz\u0105 o zagro\u017ceniach bezpiecze\u0144stwa uczni\u00f3w w \u015brodowisku szkolnym \/ Janusz Ziarko. \/\/ Pa\u0144stwo i Spo\u0142ecze\u0144stwo. \u2013 R. 6, nr 3 (2006), s. 37-48<\/li><li>Zarz\u0105dzanie wiedz\u0105 w szkolnictwie-nowinka czy rzeczywisto\u015b\u0107? \/ Adam Wyrwa.\/\/ Dyrektor Szko\u0142y. \u2013 2004, nr 2, s. 14-16<\/li><li>Zarz\u0105dzanie zmian\u0105 : lekcja 5 rok szkolny 2008\/2009 \/ Irena Dzierzgowska. \/\/ Dyrektor Szko\u0142y. \u2013 2009, nr 1, dod. s. 1-8<\/li><li>Zasady zarz\u0105dzania jako\u015bci\u0105 w pracy dyrektora szko\u0142y \/ Maria Koszmider. \/\/ Dyrektor Szko\u0142y. \u2013 2003, nr 1, s. 9-11<\/li><li>Zebrania z rodzicami \/ Irena Sierpowska-Glapiak. \/\/ Dyrektor Szko\u0142y. \u2013 2006, nr 7, s. 14-15<\/li><li>Zmagania z zarz\u0105dzaniem : z do\u015bwiadcze\u0144 m\u0142odego dyrektora \/ Miros\u0142aw Siudyka. \/\/ Dyrektor Szko\u0142y. \u2013 2000, nr 1, s. 19-20<\/li><\/ol>\n","protected":false},"excerpt":{"rendered":"<p>Opublikowano 1 sierpnia 2011 o godzinie 14:16 autor\u00a0Edyta Dobek ZARZ\u0104DZANIE SZKO\u0141\u0104 Zestawienie bibliograficzne za lata 2000 \u2013 2011 I. Ksi\u0105\u017cki [&hellip;]<\/p>\n","protected":false},"author":205,"featured_media":0,"comment_status":"closed","ping_status":"closed","sticky":false,"template":"","format":"standard","meta":{"_acf_changed":false,"_oasis_is_in_workflow":0,"_oasis_original":0,"inline_featured_image":false,"site-sidebar-layout":"default","site-content-layout":"","ast-site-content-layout":"default","site-content-style":"default","site-sidebar-style":"default","ast-global-header-display":"","ast-banner-title-visibility":"","ast-main-header-display":"","ast-hfb-above-header-display":"","ast-hfb-below-header-display":"","ast-hfb-mobile-header-display":"","site-post-title":"","ast-breadcrumbs-content":"","ast-featured-img":"","footer-sml-layout":"","ast-disable-related-posts":"","theme-transparent-header-meta":"","adv-header-id-meta":"","stick-header-meta":"","header-above-stick-meta":"","header-main-stick-meta":"","header-below-stick-meta":"","astra-migrate-meta-layouts":"default","ast-page-background-enabled":"default","ast-page-background-meta":{"desktop":{"background-color":"","background-image":"","background-repeat":"repeat","background-position":"center center","background-size":"auto","background-attachment":"scroll","background-type":"","background-media":"","overlay-type":"","overlay-color":"","overlay-opacity":"","overlay-gradient":""},"tablet":{"background-color":"","background-image":"","background-repeat":"repeat","background-position":"center center","background-size":"auto","background-attachment":"scroll","background-type":"","background-media":"","overlay-type":"","overlay-color":"","overlay-opacity":"","overlay-gradient":""},"mobile":{"background-color":"","background-image":"","background-repeat":"repeat","background-position":"center center","background-size":"auto","background-attachment":"scroll","background-type":"","background-media":"","overlay-type":"","overlay-color":"","overlay-opacity":"","overlay-gradient":""}},"ast-content-background-meta":{"desktop":{"background-color":"var(--ast-global-color-5)","background-image":"","background-repeat":"repeat","background-position":"center center","background-size":"auto","background-attachment":"scroll","background-type":"","background-media":"","overlay-type":"","overlay-color":"","overlay-opacity":"","overlay-gradient":""},"tablet":{"background-color":"var(--ast-global-color-5)","background-image":"","background-repeat":"repeat","background-position":"center center","background-size":"auto","background-attachment":"scroll","background-type":"","background-media":"","overlay-type":"","overlay-color":"","overlay-opacity":"","overlay-gradient":""},"mobile":{"background-color":"var(--ast-global-color-5)","background-image":"","background-repeat":"repeat","background-position":"center center","background-size":"auto","background-attachment":"scroll","background-type":"","background-media":"","overlay-type":"","overlay-color":"","overlay-opacity":"","overlay-gradient":""}},"_themeisle_gutenberg_block_has_review":false,"footnotes":""},"categories":[172],"tags":[],"class_list":["post-18976","post","type-post","status-publish","format-standard","hentry","category-zestawienia-ru"],"acf":[],"featured_image_urls_v2":{"full":"","thumbnail":"","medium":"","medium_large":"","large":"","1536x1536":"","2048x2048":"","menu-24x24":"","menu-36x36":"","menu-48x48":"","mailpoet_newsletter_max":""},"post_excerpt_stackable_v2":"<p>Opublikowano 1 sierpnia 2011 o godzinie 14:16 autor\u00a0Edyta Dobek ZARZ\u0104DZANIE SZKO\u0141\u0104 Zestawienie bibliograficzne za lata 2000 \u2013 2011 I. Ksi\u0105\u017cki Analiza dost\u0119pnego oprogramowania wspomagaj\u0105cego zarz\u0105dzanie jednostk\u0105 o\u015bwiatow\u0105 w aspekcie oczekiwanych funkcjonalno\u015bci systemu \/ Jan Polcyn. \u2013 Pi\u0142a : Pa\u0144stwowa Wy\u017csza Szko\u0142a Zawodowa im. Stanis\u0142awa Staszica , 2008. \u2013 92 s. : il. ; 21 cmDylematy rozwoju edukacji w warunkach globalizacji \/ [red.] Daniel Fic. \u2013 Zielona G\u00f3ra : University of Zielona G\u00f3ra , 2008. \u2013 278 s. : il. ; 24 cmEdukacja projako\u015bciowa : krok trzeci \/ red. nauk. Barbara Sujak-Cyrul. \u2013 Wroc\u0142aw : Oficyna Wydawnicza Atut \u2013 Wroc\u0142awskie Wydawnictwo&hellip;<\/p>\n","category_list_v2":"<a href=\"https:\/\/bpostrow.pl\/ru\/category\/zestawienia-ru\/\" rel=\"category tag\">Zestawienia bibliograficzne<\/a>","author_info_v2":{"name":"c2FicmFtZWs=","url":"https:\/\/bpostrow.pl\/ru\/author\/c2ficmftzws-2\/"},"comments_num_v2":"0 \u043a\u043e\u043c\u043c\u0435\u043d\u0442\u0430\u0440\u0438\u0435\u0432","_links":{"self":[{"href":"https:\/\/bpostrow.pl\/ru\/wp-json\/wp\/v2\/posts\/18976","targetHints":{"allow":["GET"]}}],"collection":[{"href":"https:\/\/bpostrow.pl\/ru\/wp-json\/wp\/v2\/posts"}],"about":[{"href":"https:\/\/bpostrow.pl\/ru\/wp-json\/wp\/v2\/types\/post"}],"author":[{"embeddable":true,"href":"https:\/\/bpostrow.pl\/ru\/wp-json\/wp\/v2\/users\/205"}],"replies":[{"embeddable":true,"href":"https:\/\/bpostrow.pl\/ru\/wp-json\/wp\/v2\/comments?post=18976"}],"version-history":[{"count":1,"href":"https:\/\/bpostrow.pl\/ru\/wp-json\/wp\/v2\/posts\/18976\/revisions"}],"predecessor-version":[{"id":28474,"href":"https:\/\/bpostrow.pl\/ru\/wp-json\/wp\/v2\/posts\/18976\/revisions\/28474"}],"wp:attachment":[{"href":"https:\/\/bpostrow.pl\/ru\/wp-json\/wp\/v2\/media?parent=18976"}],"wp:term":[{"taxonomy":"category","embeddable":true,"href":"https:\/\/bpostrow.pl\/ru\/wp-json\/wp\/v2\/categories?post=18976"},{"taxonomy":"post_tag","embeddable":true,"href":"https:\/\/bpostrow.pl\/ru\/wp-json\/wp\/v2\/tags?post=18976"}],"curies":[{"name":"wp","href":"https:\/\/api.w.org\/{rel}","templated":true}]}}