{"id":19010,"date":"2022-02-03T15:10:33","date_gmt":"2022-02-03T14:10:33","guid":{"rendered":"https:\/\/ostrow-mazowiecki.bpm.wrotamazowsza.pl\/uniwersytety-trzeciego-wieku\/"},"modified":"2024-10-09T15:47:41","modified_gmt":"2024-10-09T13:47:41","slug":"uniwersytety-trzeciego-wieku","status":"publish","type":"post","link":"https:\/\/bpostrow.pl\/ru\/uniwersytety-trzeciego-wieku\/","title":{"rendered":"UNIWERSYTETY TRZECIEGO WIEKU"},"content":{"rendered":"\n<p>Opublikowano 1 lipca 2016 o godzinie 15:46 autor\u00a0Edyta Dobek<\/p>\n\n\n\n<p><strong>Uniwersytety trzeciego wieku<br>Zestawienie bibliograficzne za lata 2005-2016<\/strong><\/p>\n\n\n\n<p><strong>Ksi\u0105\u017cki<\/strong><\/p>\n\n\n\n<hr class=\"wp-block-separator\" \/>\n\n\n\n<ol class=\"wp-block-list\"><li>40 lat ruchu Uniwersytet\u00f3w Trzeciego Wieku w Polsce : 1975-2015 \/ [zesp\u00f3\u0142 red. Krystyna Bielowska, Krystyna Lewkowicz]. \u2013 Warszawa : Uniwersytet Trzeciego Wieku im. Haliny Szwarc : Fundacja \u201eOg\u00f3lnopolskie Porozumienie Uniwersytet\u00f3w Trzeciego Wieku\u201d, 2014.<\/li><li>Edukacja os\u00f3b starszych : seniorzy w przestrzeni nowych medi\u00f3w \/ \u0141ukasz Tomczyk. \u2013 Warszawa:Difin,2015.<\/li><li>Profesjonalny Uniwersytet Trzeciego Wieku : program edukacyjno-aktywizuj\u0105cy UTW : wybrane zagadnienia \/ Wies\u0142awa Borczyk, Zdzis\u0142awa Zac\u0142ona. \u2013 Nowy S\u0105cz : Og\u00f3lnopolska Federacja Stowarzysze\u0144 Uniwersytet\u00f3w Trzeciego Wieku, 2014.<\/li><li>Socjologia jako spo\u0142eczna terapia \/ red. nauk. Anna Wachowiak ; Polskie Towarzystwo Socjologiczne, Uniwersytet Zielonog\u00f3rski. \u2013 Zielona G\u00f3ra : Oficyna Wydawnicza Uniwersytetu Zielonog\u00f3rskiego, cop. 2008.<\/li><li>Starzenie si\u0119 a satysfakcja z \u017cycia \/ red. Stanis\u0142awa Steuden, Mieczys\u0142aw Marczuk ; Katolicki Uniwersytet Lubelski Jana Paw\u0142a II. Instytut Psychologii ; Towarzystwo Wolnej Wszechnicy Polskiej. Lubelski Uniwersytet Trzeciego Wieku. \u2013 Lublin : Wydawnictwo Katolickiego Uniwersytetu Lubelskiego, cop. 2006.<\/li><li>Tworzenie uniwersytetu trzeciego wieku \u2013 krok po kroku \/ Daniel Jachimowicz, Wojciech Nalepa. \u2013 Nowy S\u0105cz : Og\u00f3lnopolska Federacja Stowarzysze\u0144 Uniwersytet\u00f3w Trzeciego Wieku, 2012.<\/li><li>Uniwersytety trzeciego wieku : przeciw wykluczeniu, dla spo\u0142ecze\u0144stwa wiedzy \/ red. nauk. Jacek Gulanowski.- Wroc\u0142aw : Agencja Wydawnicza \u201eArgi\u201d, 2012.<\/li><\/ol>\n\n\n\n<p><strong>Artyku\u0142y z czasopism<\/strong><\/p>\n\n\n\n<hr class=\"wp-block-separator\" \/>\n\n\n\n<ol class=\"wp-block-list\"><li>Aktywizowanie mieszka\u0144c\u00f3w dom\u00f3w pomocy spo\u0142ecznej \/ Anna Zawada.\/\/ Praca Socjalna. \u2013 2007, nr 1, s. 90-96<\/li><li>Cz\u0142owiek starszy a edukacja : realizacja potrzeb samodoskonalenia i samokszta\u0142cenia na przyk\u0142adzie D\u0119bickiego Uniwersytetu Trzeciego Wieku \/ Joanna Garbuli\u0144ska.\/\/ Ogrody Nauk i Sztuk. -2014. T. 4, s. 378-383<\/li><li>Dzia\u0142alno\u015b\u0107 uniwersytet\u00f3w trzeciego wieku w aktywizacji senior\u00f3w \/ Agnieszka Regulska. \/\/ Roczniki Pedagogiczne. \u2013 2012, T. 4, nr 1, s. 109-127<\/li><li>Edukacja jako spos\u00f3b przygotowania do staro\u015bci \/ Ma\u0142gorzata Dzi\u0119gielewska.\/\/ Chowanna. \u2013 2009, T. 2, s. 49-62<\/li><li>Edukacja medialna senior\u00f3w w kontek\u015bcie rozwijaj\u0105cego si\u0119 spo\u0142ecze\u0144stwa informacyjnego \/ Paulina Wo\u017aniak-Chojnacka.\/\/ Dyskursy M\u0142odych Andragog\u00f3w. \u2013 2015, [T.] 16, s. 175-185<\/li><li>Edukacja senior\u00f3w priorytetem krajowym \/ Ma\u0142gorzata Kacprzak.\/\/ Edukacja Ustawiczna Doros\u0142ych. \u2013 2007, nr 2, s. 59-62<\/li><li>Kierunki rozwoju uniwersytet\u00f3w trzeciego wieku \/ Andrzej Klimczuk.\/\/ E-Mentor. \u2013&nbsp; 2013, nr 4, s. 72-77<\/li><li>\u201eOpen Doors for Europe\u201d \u2013 do\u015bwiadczenia Lubelskiego Uniwersytetu Trzeciego Wieku \/ Ma\u0142gorzata Maria Stanowska.\/\/ Edukacja Ustawiczna Doros\u0142ych. \u2013 2007, nr 2, s. 52-59<\/li><li>Powo\u0142ujemy Zwole\u0144ski Uniwersytet Senior\u00f3w \/ Henryk Bednarczyk, Maria Mendyk, Bogus\u0142awa Jaworska.\/\/ Edukacja Ustawiczna Doros\u0142ych. \u2013 2007, nr 4, s. 91-94<\/li><li>Problemy edukacyjne senior\u00f3w z G\u00f3rnego \u015al\u0105ska na tle poczucia sensu \u017cycia w spo\u0142ecze\u0144stwie wiedzy \/ Gra\u017cyna Kempa.\/\/ Chowanna. \u2013 2012, t. 2, s. 415-428<\/li><li>Rola uniwersytet\u00f3w trzeciego wieku w aktywnym starzeniu si\u0119 \/ Zofia Hasi\u0144ska, Ewa Tracz.\/\/ Nauki Spo\u0142eczne. \u2013 2013, [nr] 1, s. 91-102<\/li><li>Rola uniwersytet\u00f3w trzeciego wieku w stymulowaniu aktywno\u015bci spo\u0142ecznej i edukacyjnej os\u00f3b starszych \/ Danuta Ksi\u0105\u017cek.\/\/ Edukacja Ustawiczna Doros\u0142ych. \u2013 2015, nr 1, s. 167-174<\/li><li>Senior \u2013 (nie)zwyk\u0142y ucze\u0144 w centrum zainteresowania glottodydaktyki \/ Joanna Kic-Drgas.\/\/ Lingwistyka Stosowana . \u2013 2010,&nbsp; T. 3, s. 197-207<\/li><li>S\u0142uchacze uniwersytet\u00f3w trzeciego wieku w rozbudowywaniu przestrzeni edukacyjnej \/ Gra\u017cyna Orzechowska.\/\/ Biblioteka Gerontologii Spo\u0142ecznej. \u2013 2013, Nr 3, s. 127-136<\/li><li>\u201eSzko\u0142a staro\u015bci\u201d \u2013 by\u0107, aby si\u0119 uczy\u0107 \/ Agnieszka Stopi\u0144ska-Paj\u0105k.\/\/ Chowanna. \u2013 2009, T. 2, s. 11-23<\/li><li>Uczelnia z misj\u0105 \u2013 35 lat dzia\u0142alno\u015bci Uniwersytetu Trzeciego Wieku w Szczecinie \/ Beata Bugajska.\/\/ Edukacja Ustawiczna Doros\u0142ych. \u2013 2014, nr 1, s. 62-75<\/li><li>Uniwersytet trzeciego wieku \u2013 centrum aktywno\u015bci edukacyjnej w Uniwersytecie Wroc\u0142awskim \/ Aleksander Kobylarek.\/\/ Edukacja Ustawiczna Doros\u0142ych. \u2013 2014, nr 1, nr 76-82<\/li><li>Uniwersytet Trzeciego Wieku : edukacja zawsze na czasie \/ Anna Bielawska, Jadwiga Pie\u015bcikowska, Gra\u017cyna B\u0105czyk, Monika Pyszczorska, Dorota Bernad, Beata Skokowska, Lucyna Gacek.\/\/ Nowiny Lekarskie. \u2013&nbsp; 2012,&nbsp; nr 1, s. 80-83<\/li><li>Uniwersytety trzeciego wieku : element edukacji permanentnej \/ Katarzyna Miska, Agnieszka Musolf-Parol.\/\/ Zamojskie Studia i Materia\u0142y. Seria Pedagogika. \u2013 2011, Nr 1, s. 123-128<\/li><li>Uniwersytety III wieku \u2013 fenomen wsp\u00f3\u0142czesno\u015bci \/ Stanis\u0142aw Turowski.\/\/ Wychowanie Na Co Dzie\u0144. \u2013 2009, nr 1\/2, s. 32-33<\/li><li>Uniwersytet Trzeciego Wieku jako instytucja przeciwdzia\u0142aj\u0105ca marginalizacji os\u00f3b starszych \/ Aleksandra Marcinkiewicz.\/\/ Ogrody Nauk i Sztuk. \u2013 2012, T. 2, s. 458-467<\/li><li>Uniwersytety trzeciego wieku jako nowa forma nauczania technologii informacyjnych \/ Iwona Chomiak-Orsa.\/\/ Informatyka Ekonomiczna. -2010,&nbsp; Nr 17, s. 49-58<\/li><li>Uniwersytet Trzeciego Wieku jako instytucja aktywizuj\u0105ca osoby starsze : badania w\u0142asne \/ Izabela Wr\u00f3blewska, Jerzy B\u0142aszczuk.\/\/ Nowiny Lekarskie. \u2013&nbsp; 2012,&nbsp; nr 1, s. 31-35<\/li><li>Uniwersytet trzeciego wieku jako instytucja realizuj\u0105ca ide\u0119 edukacji os\u00f3b starszych \/ Paulina \u015awi\u0105tek.\/\/ Studia Humanistyczne AGH . \u2013 2012,&nbsp; T. 11, [z.] 1, s. 153-168<\/li><li>Uniwersytet Trzeciego Wieku \u2013 przesz\u0142o\u015b\u0107, tera\u017aniejszo\u015b\u0107, przysz\u0142o\u015b\u0107 \/ Ma\u0142gorzata Halicka, Krzysztof Czykier.\/\/ Edukacja. \u2013 2009, nr 3, s. 132-137<\/li><li>Uniwersytet trzeciego wieku w edukacji ca\u0142o\u017cyciowej \/ Wanda Jakubaszek.\/\/ Edukacja Ustawiczna Doros\u0142ych. \u2013 2014, nr 1, s. 83-98<\/li><li>Uniwersytet trzeciego wieku wobec e-ekskluzji senior\u00f3w \/ Aleksander Marcinkiewicz.\/\/ Biblioteka Gerontologii Spo\u0142ecznej. \u2013 2013, Nr 1\/2, s. 133-143<\/li><li>Uniwersytety III Wieku szans\u0105 na samorealizacj\u0119 \/ Joanna Garbuli\u0144ska.\/\/ Pedagogika Katolicka. \u2013 2013, nr 2, s. 129-137<\/li><li>Zadania edukacyjno-wychowawcze nauczycieli uniwersytetu trzeciego wieku \/ Tomasz Kruszewski.\/\/ Studia Dydaktyczne. 2013, T. 24\/25,&nbsp; s. 63-78<\/li><li>Zapotrzebowanie na wsparcie s\u0142uchaczy Uniwerystetu Trzeciego Wieku a odczuwanie samotno\u015bci i utrzymywanie kontakt\u00f3w z rodzin\u0105 \/ Lucyna Smole\u0144, Lucyna Gazdowicz, Anita \u017by\u0142ka-Reut.\/\/ Acta Elbingensia : rocznik naukowy Elbl\u0105skiej Uczelni Humanistyczno-Ekonomicznej. \u2013 2011, T. 11, s. 38-46<\/li><\/ol>\n","protected":false},"excerpt":{"rendered":"<p>Opublikowano 1 lipca 2016 o godzinie 15:46 autor\u00a0Edyta Dobek Uniwersytety trzeciego wiekuZestawienie bibliograficzne za lata 2005-2016 Ksi\u0105\u017cki 40 lat ruchu [&hellip;]<\/p>\n","protected":false},"author":205,"featured_media":0,"comment_status":"closed","ping_status":"closed","sticky":false,"template":"","format":"standard","meta":{"_acf_changed":false,"_oasis_is_in_workflow":0,"_oasis_original":0,"inline_featured_image":false,"site-sidebar-layout":"default","site-content-layout":"","ast-site-content-layout":"default","site-content-style":"default","site-sidebar-style":"default","ast-global-header-display":"","ast-banner-title-visibility":"","ast-main-header-display":"","ast-hfb-above-header-display":"","ast-hfb-below-header-display":"","ast-hfb-mobile-header-display":"","site-post-title":"","ast-breadcrumbs-content":"","ast-featured-img":"","footer-sml-layout":"","ast-disable-related-posts":"","theme-transparent-header-meta":"","adv-header-id-meta":"","stick-header-meta":"","header-above-stick-meta":"","header-main-stick-meta":"","header-below-stick-meta":"","astra-migrate-meta-layouts":"default","ast-page-background-enabled":"default","ast-page-background-meta":{"desktop":{"background-color":"","background-image":"","background-repeat":"repeat","background-position":"center center","background-size":"auto","background-attachment":"scroll","background-type":"","background-media":"","overlay-type":"","overlay-color":"","overlay-opacity":"","overlay-gradient":""},"tablet":{"background-color":"","background-image":"","background-repeat":"repeat","background-position":"center center","background-size":"auto","background-attachment":"scroll","background-type":"","background-media":"","overlay-type":"","overlay-color":"","overlay-opacity":"","overlay-gradient":""},"mobile":{"background-color":"","background-image":"","background-repeat":"repeat","background-position":"center center","background-size":"auto","background-attachment":"scroll","background-type":"","background-media":"","overlay-type":"","overlay-color":"","overlay-opacity":"","overlay-gradient":""}},"ast-content-background-meta":{"desktop":{"background-color":"var(--ast-global-color-5)","background-image":"","background-repeat":"repeat","background-position":"center center","background-size":"auto","background-attachment":"scroll","background-type":"","background-media":"","overlay-type":"","overlay-color":"","overlay-opacity":"","overlay-gradient":""},"tablet":{"background-color":"var(--ast-global-color-5)","background-image":"","background-repeat":"repeat","background-position":"center center","background-size":"auto","background-attachment":"scroll","background-type":"","background-media":"","overlay-type":"","overlay-color":"","overlay-opacity":"","overlay-gradient":""},"mobile":{"background-color":"var(--ast-global-color-5)","background-image":"","background-repeat":"repeat","background-position":"center center","background-size":"auto","background-attachment":"scroll","background-type":"","background-media":"","overlay-type":"","overlay-color":"","overlay-opacity":"","overlay-gradient":""}},"_themeisle_gutenberg_block_has_review":false,"footnotes":""},"categories":[172],"tags":[],"class_list":["post-19010","post","type-post","status-publish","format-standard","hentry","category-zestawienia-ru"],"acf":[],"featured_image_urls_v2":{"full":"","thumbnail":"","medium":"","medium_large":"","large":"","1536x1536":"","2048x2048":"","menu-24x24":"","menu-36x36":"","menu-48x48":"","mailpoet_newsletter_max":""},"post_excerpt_stackable_v2":"<p>Opublikowano 1 lipca 2016 o godzinie 15:46 autor\u00a0Edyta Dobek Uniwersytety trzeciego wiekuZestawienie bibliograficzne za lata 2005-2016 Ksi\u0105\u017cki 40 lat ruchu Uniwersytet\u00f3w Trzeciego Wieku w Polsce : 1975-2015 \/ [zesp\u00f3\u0142 red. Krystyna Bielowska, Krystyna Lewkowicz]. \u2013 Warszawa : Uniwersytet Trzeciego Wieku im. Haliny Szwarc : Fundacja \u201eOg\u00f3lnopolskie Porozumienie Uniwersytet\u00f3w Trzeciego Wieku\u201d, 2014.Edukacja os\u00f3b starszych : seniorzy w przestrzeni nowych medi\u00f3w \/ \u0141ukasz Tomczyk. \u2013 Warszawa:Difin,2015.Profesjonalny Uniwersytet Trzeciego Wieku : program edukacyjno-aktywizuj\u0105cy UTW : wybrane zagadnienia \/ Wies\u0142awa Borczyk, Zdzis\u0142awa Zac\u0142ona. \u2013 Nowy S\u0105cz : Og\u00f3lnopolska Federacja Stowarzysze\u0144 Uniwersytet\u00f3w Trzeciego Wieku, 2014.Socjologia jako spo\u0142eczna terapia \/ red. nauk. Anna Wachowiak ; Polskie&hellip;<\/p>\n","category_list_v2":"<a href=\"https:\/\/bpostrow.pl\/ru\/category\/zestawienia-ru\/\" rel=\"category tag\">Zestawienia bibliograficzne<\/a>","author_info_v2":{"name":"c2FicmFtZWs=","url":"https:\/\/bpostrow.pl\/ru\/author\/c2ficmftzws-2\/"},"comments_num_v2":"0 \u043a\u043e\u043c\u043c\u0435\u043d\u0442\u0430\u0440\u0438\u0435\u0432","_links":{"self":[{"href":"https:\/\/bpostrow.pl\/ru\/wp-json\/wp\/v2\/posts\/19010","targetHints":{"allow":["GET"]}}],"collection":[{"href":"https:\/\/bpostrow.pl\/ru\/wp-json\/wp\/v2\/posts"}],"about":[{"href":"https:\/\/bpostrow.pl\/ru\/wp-json\/wp\/v2\/types\/post"}],"author":[{"embeddable":true,"href":"https:\/\/bpostrow.pl\/ru\/wp-json\/wp\/v2\/users\/205"}],"replies":[{"embeddable":true,"href":"https:\/\/bpostrow.pl\/ru\/wp-json\/wp\/v2\/comments?post=19010"}],"version-history":[{"count":1,"href":"https:\/\/bpostrow.pl\/ru\/wp-json\/wp\/v2\/posts\/19010\/revisions"}],"predecessor-version":[{"id":28690,"href":"https:\/\/bpostrow.pl\/ru\/wp-json\/wp\/v2\/posts\/19010\/revisions\/28690"}],"wp:attachment":[{"href":"https:\/\/bpostrow.pl\/ru\/wp-json\/wp\/v2\/media?parent=19010"}],"wp:term":[{"taxonomy":"category","embeddable":true,"href":"https:\/\/bpostrow.pl\/ru\/wp-json\/wp\/v2\/categories?post=19010"},{"taxonomy":"post_tag","embeddable":true,"href":"https:\/\/bpostrow.pl\/ru\/wp-json\/wp\/v2\/tags?post=19010"}],"curies":[{"name":"wp","href":"https:\/\/api.w.org\/{rel}","templated":true}]}}