{"id":19022,"date":"2022-02-03T15:02:09","date_gmt":"2022-02-03T14:02:09","guid":{"rendered":"https:\/\/ostrow-mazowiecki.bpm.wrotamazowsza.pl\/szkolnictwo-w-belgii-danii-i-holandii\/"},"modified":"2024-10-09T15:50:53","modified_gmt":"2024-10-09T13:50:53","slug":"szkolnictwo-w-belgii-danii-i-holandii","status":"publish","type":"post","link":"https:\/\/bpostrow.pl\/ru\/szkolnictwo-w-belgii-danii-i-holandii\/","title":{"rendered":"SZKOLNICTWO W BELGII, DANII I HOLANDII"},"content":{"rendered":"\n<p>Opublikowano 7 lipca 2008 o godzinie 15:40 autor\u00a0Edyta Dobek<\/p>\n\n\n\n<p><strong>SZKOLNICTWO W BELGII, DANII I HOLANDII<\/strong><br><strong>Zestawienie bibliograficzne artyku\u0142\u00f3w z czasopism<\/strong><\/p>\n\n\n\n<p><strong>BELGIA<\/strong><\/p>\n\n\n\n<hr class=\"wp-block-separator\" \/>\n\n\n\n<ol class=\"wp-block-list\"><li>BELGIJSKI system o\u015bwiaty \/ Edyta \u0141ukowska, Jadwiga Ku\u0142ak-Pe\u0142ka \/\/ Dyrektor Szko\u0142y. \u2013 2000, nr 11, s. 27-28<\/li><li>CENTRUM&nbsp; Szkolnictwa Specjalnego w Brukseli i Louvain-Neuve ,,La Clairiere\u201d \/ Ewa Bramboszcz \/\/ Szko\u0142a Specjalna. \u2013 1993, nr \u00bd, s. 63-68<\/li><li>CHARAKTERYSTYKA&nbsp; spo\u0142eczna nauczycieli szk\u00f3\u0142 elementarnych w Belgii i w Polsce w XX wieku \/ Marc Depaepe, Frank Kimon, Adam Fija\u0142kowski \/\/ Kwartalnik Pedagogiczny. \u2013 2002, nr 3\/4, s. 215-239<\/li><li>DZIECI&nbsp; w o\u015brodku dla uchod\u017ac\u00f3w w Rixensart \/ Joanna B\u0142ogowska \/\/ Problemy Opieku\u0144czo-Wychowawcze. \u2013 2006, nr 6, s. 55-59<\/li><li>EDUKACJA w Belgii \/ Bogus\u0142awa M\u0142odzikowska \/\/ Dyrektor Szko\u0142y. \u2013 1996, nr 9, s. 30-32<\/li><li>Edukacja wielokulturowa w szkolnictwie belgijskim \/ El\u017cbieta Ku\u017ama \/\/ Forum Europejskie. \u2013 Nr 9 (2005), s. 25-36<\/li><li>JAK&nbsp; to robi\u0105 we Flandrii? Kszta\u0142cenie ustawiczne w Belgii \/ Ma\u0142gorzata Marciszewska, Agnieszka Rzymska \/\/ Nowa Edukacja Zawodowa. \u2013 2004, nr 4, s. 10-14<\/li><li>JAKIE nauczanie w Brukseli? \/ Dorota Walczak-Delanois \/\/ Polonistyka. \u2013 2002, nr 4, s. 238-240<\/li><li>KSZTA\u0141CENIE dzieci z uszkodzonym s\u0142uchem w Po\u0142udniowej Australii \/ Maria Thiele \/\/ Szko\u0142a Specjalna. \u2013 1999, nr 1, s. 14-19<\/li><li>KSZTA\u0141CENIE nauczycieli w Belgii \/ Barbara Petkowicz, Zygmunt Wyro\u015blak \/\/ Dyrektor Szko\u0142y. \u2013 2005, nr 11, s. 36-37<\/li><li>KSZTA\u0141CENIE zawodowe we Flandrii \u2013 spostrze\u017cenia z wizyty studyjnej do Belgii \/ Aneta Jurkowska \/\/ Nowa Edukacja Zawodowa. \u2013 2005, nr 4, s. 10-13<\/li><li>OPIEKA nad dzie\u0107mi i ich rodzicami w Belgii \/ Katarzyna Kaczanowska \/\/ Problemy Opieku\u0144czo-Wychowawcze. \u2013 200, nr 7, s. 50-56<\/li><li>PARTNERSTWO spo\u0142eczne w edukacji zawodowej w Belgii \/ Wies\u0142aw Karpi\u0144ski \/\/ Nowa Edukacja Zawodowa. \u2013 2002, nr 1, s. 17-18<\/li><li>SPECYFIKA&nbsp; i trendy edukacji w Belgii \/ Adam Szec\u00f3wka \/\/ Nowa Szko\u0142a. \u2013 1996, nr 8, s. &nbsp;40-44<\/li><li>STRUKTURY wspieraj\u0105ce szkolne struktury zdrowotne w Belgii \/ Danielle Piette \/\/ Wychowanie Fizyczne i Zdrowotne. \u2013 1990, nr 4\/5, s. 84-85<\/li><li>SYSTEM o\u015bwiatowy Belgii \/ Dobromir Dziewulak \/\/ Nowa Szko\u0142a. \u2013 1994, nr 4, s. 222-224<\/li><li>SZKOLNICTWO prywatne w krajach Europy Zachodniej (RFN, Belgia) \/ Wiktor Rabczuk \/\/ Nowa Szko\u0142a. \u2013 1990, nr 10, s. 554-562<\/li><li>TW\u00d3RZMY szko\u0142\u0119 razem z uczniami \/ Jackie Denis; prze\u0142. Danuta Elsner \/\/ Dyrektor Szko\u0142y. \u2013 2007, nr 6, s. 26-29<\/li><li>WYCHOWANIE obywatelskie w XII Okr\u0119gu Zwi\u0105zku Strzeleckiego w Belgii i Francji (1927-1940) \/ Aldona Zakrzewska \/\/ Kwartalnik Pedagogiczny. \u2013 2004, nr 4, s. 177-195<\/li><\/ol>\n\n\n\n<p><strong>DANIA<\/strong><\/p>\n\n\n\n<hr class=\"wp-block-separator\" \/>\n\n\n\n<ol class=\"wp-block-list\"><li>BLISKIE spotkania z du\u0144sk\u0105 o\u015bwiat\u0105 \/ Anna Klimowicz \/\/ Dyrektor Szko\u0142y. \u2013 1997, nr 1, s. 29-31<\/li><li>CO zobaczy\u0142em na Fonii. Du\u0144ski model edukacji \/ Przegl\u0105d O\u015bwiatowy. \u2013 1994, nr 7, s. 11<\/li><li>CZYM \u017cyje du\u0144ska szko\u0142a? \/Aldona Plechan \/\/ Przegl\u0105d O\u015bwiatowy. \u2013 2001, nr 16, s. 4-5<\/li><li>DOBRZE si\u0119 dzieje w szko\u0142ach du\u0144skich \/ El\u017cbieta \u015awiderka \/\/ Nowa Szko\u0142a. \u2013 1996, nr 7, s. 39-41&nbsp;<em>Polscy nauczyciele w Danii.<\/em><\/li><li>DOKSZTA\u0141CANIE i doskonalenie nauczycieli w Danii \/ Daniela Rusakowska \/\/ Nowa Szko\u0142a. \u2013 1992, nr 10, s. 594-597<\/li><li>DU\u0143SKIE reminiscencje \/ Witold Wodniak \/\/ Nowa Edukacja Zawodowa. \u2013 2004, nr 3, s. 13-16<\/li><li>DZIECI ulicy \/ Marianna Bi\u00f3rkoe, Jens Bj\u00f3rkoe \/\/ Opieka Wychowanie Terapia. \u2013 1994, nr 3, s. 44-45<\/li><li>DZIECKO uczy dziecko, czyli o skaucie du\u0144skim \/ Marzenna Magda \/\/ Harcerstwo. \u2013 1995, nr 9, s. 29-32<\/li><li>G\u0141\u00d3WNE za\u0142o\u017cenia i cechy systemu kszta\u0142cenia nauczycieli w Danii \u2013 z punktu widzenia ci\u0105g\u0142ego rozwoju profesjonalizmu nauczyciela \/ Wanda Dr\u00f3\u017cka \/\/ Edukacja. \u2013 1997, nr 2, s. 85-93<\/li><li>GRANICE mo\u017cliwo\u015bci przekszta\u0142cania szko\u0142y (na przyk\u0142adzie Szko\u0142y Islands Brygge w Kopenhadze) \/ Daniela Rusakowska \/\/Nowa Szko\u0142a. \u2013 1993, nr 5, s. 294-299<\/li><li>IDEE i do\u015bwiadczenia du\u0144skiej szko\u0142y ludowej \/ Wies\u0142aw Ciczkowski \/\/ Nowa Szko\u0142a. \u2013 1992, nr 2, s. 34-39<\/li><li>INTEGRACJA po du\u0144sku \/ Miros\u0142aw Baum \/\/ Edukacja i Dialog. \u2013 1992, nr 4, s. 47-49<\/li><li>INTEGRACJA szans\u0105 dla niepe\u0142nosprawnych dzieci (charakterystyka modelu du\u0144skiego) \/ Miros\u0142aw Baum \/\/ Szko\u0142a Specjalna. \u2013 1992, nr 4, s. 187-190<\/li><li>KOFOEDS Skole : pomoc ku samopomocy \/ Jaros\u0142aw Utrat-Milecki&nbsp; \/\/ Opieka Wychowanie Terapia. \u2013 1997, nr 4, s. 35-41<\/li><li>KOFOEDS Skole \u2013 szansa przetrwania \/ Miros\u0142aw G\u00f3recki \/\/ Opieka Wychowanie Terapia. \u2013 1993, nr 3, s. 31-36<\/li><li>KSZTA\u0141CENIE pedagog\u00f3w w Danii \/ Piotr Petrykowski \/\/ Problemy Opieku\u0144czo-Wychowawcze. \u2013 1992, nr 9, s.407-408<\/li><li>MODEL du\u0144ski \/ Peter de la Cour \/\/ Edukacja i Dialog. \u2013 1991, nr 8, s. 50<\/li><li>MOJE refleksje o szkole du\u0144skiej \/ Pawe\u0142 Wyszkowski \/\/ Nowa Szko\u0142a. \u2013 1992, nr 2, s. 92-93<\/li><li>NAUCZYCIELE przedmiot\u00f3w zawodowych z wizyta w Aarhus w Danii \/ Maria Suliga, Marek Szama\u0144ski \/\/ Szko\u0142a Zawodowa. \u2013 1995, nr 4, s. 36-39<\/li><li>O OPIECE na d dzieckiem w Danii \/ Ewa Kantowicz \/\/ Problemy Opieku\u0144czo-Wychowawcze. \u2013 2003, nr 5, s. 47-49<\/li><li>O URODZIE du\u0144skiej szko\u0142y \/ Arkadiusz Cieli\u0144ski, El\u017cbieta W\u0105sowska \/\/ Kszta\u0142cenie Nauczycieli. \u2013 1994, nr 1, s. 43-4<\/li><li>8OPIEKA nad dzieckiem w Danii \/ Piotr Petrykowski \/\/ Problemy Opieku\u0144czo-Wychowawcze. \u2013 1992, nr 8, s. 352-354<\/li><li>O\u015aWIATA doros\u0142ych w Danii \/ Agnieszka Bron \/\/ Nowa Szko\u0142a. \u20131992, nr 6, s. 350-353<\/li><li>PARTNERSTWO spo\u0142eczne w edukacji zawodowej w Danii \/ Wies\u0142aw Karpi\u0144ski \/\/ Nowa Edukacja Zawodowa. \u2013 2002, nr 2, s. 17-18<\/li><li>PEWNE istotne aspekty kszta\u0142cenia i szkolenia doros\u0142ych w Danii \/ Zygrfyd J. Dutkiewicz, Ferdynand Froissart \/\/ Szko\u0142a Zawodowa. \u2013 1994, nr 7, s. 37-40<\/li><li>POMOC do samopomocy w Kofoeds Skole \/ Ewa Dobrzycka \/\/ Problemy Opieku\u0144czo-Wychowawcze. \u2013 1996, nr 10, s. 39-40, III ok\u0142.<\/li><li>PROBLEMY kszta\u0142cenia niepe\u0142nosprawnych w zr\u00f3\u017cnicowanych systemach edukacyjnych Danii i Szwecji w centrum zainteresowa\u0144 nauczycieli akademickich i lokalnych w\u0142adz o\u015bwiatowych \/ El\u017cbieta Maria Minczakiewicz \/\/ Szko\u0142a Specjalna. \u2013 2007, nr 2, s. 155-156<\/li><li>PROBLEMY szkolnictwa du\u0144skiego \/ Jerzy G\u0142\u00f3wczyk \/\/ Nowa Szko\u0142a. \u2013 1990, nr 10, s. 563-565<\/li><li>REFORMA po du\u0144sku \/ Jaros\u0142aw Kordzi\u0144ski \/\/ Nowa Szko\u0142a. \u2013 1995, nr 5, s. 34-35<\/li><li>REFORMA po du\u0144sku \/ Jaros\u0142aw Kordzi\u0144ski \/\/ Dyrektor Szko\u0142y. \u2013 1995, nr 11, s. 33-34<\/li><li>SPECJALNO\u015a\u0106 du\u0144ska : nauczyciel klasowy \/ El\u017cbieta Leszczy\u0144ska \/\/ Edukacja i Dialog. \u2013 1995, nr 10, s. 65-69<\/li><li>SYSTEM edukacji w Danii : korespondencja w\u0142asna \/ Maria Skup \/\/ Dyrektor Szko\u0142y. \u2013 2002, nr 6, s. 32-34<\/li><li>SYSTEM du\u0144ski nauczania techniki w szko\u0142ach og\u00f3lnokszta\u0142c\u0105cych i jego konsekwencje \/ Tadeusz Bizerski \/\/ Wychowanie Techniczne w Szkole. \u2013 1993, nr 3, s. 184-185<\/li><li>SZKOLNICTWO ponadpodstawowe w Danii \/ Maria Skup \/\/ Nowa Szko\u0142a. \u2013 2001, nr 5, s. 53-55<\/li><li>SZKO\u0141A du\u0144ska \/ Ma\u0142gorzata Ulfik \/\/ Wychowanie Techniczne. \u2013 1993, nr 3, s. 181-184<\/li><li>SZKO\u0141A du\u0144ska \u2013 wizyta studyjna w Danii warszawskich nauczycieli. Poszukiwania \/ Ewa Kolasi\u0144ska \/\/ Biuletyn Informacyjny. \u2013 1996, nr 5, s. 27-29<\/li><li>SZKO\u0141A i nauczyciel w Danii \/ Piotr Petrykowski \/\/ Wychowanie na Co Dzie\u0144. \u2013 1996, nr 1\/2, s. 17-21<\/li><li>SZKO\u0141A integracyjna i szko\u0142a specjalna w Danii \/ Bo\u017cena Foder, Barbara Trochimiak \/\/ Szko\u0142a Specjalna. \u2013 2007, nr 4, s. 312-315<\/li><li>SZKO\u0141A Kofoeda w obliczu nowego ub\u00f3stwa \/ Stanis\u0142aw Jan Rostworowski \/\/ Problemy Alkoholizmu. \u2013 1997, nr 10\/12, s. 34-35<\/li><li>W KRAINIE \u201eu\u015bmiechni\u0119tych\u201d bibliotek \/ Mariola \u0141ukasik, Maria Pietryka \/\/ Biblioteka w Szkole. \u2013 1994, nr 2, s. 19-22&nbsp;<em>O\u015bwiata i biblioteki w Danii.<\/em><\/li><li>ZAPOBIEGANIE przest\u0119pczo\u015bci w\u015br\u00f3d dzieci i m\u0142odzie\u017cy w Danii \/ Maria Ma\u0142a\u015bnicka \/\/ Problemy Opieku\u0144czo-Wychowawcze. \u2013 2002, nr 1, s. 52-54<\/li><\/ol>\n\n\n\n<p><strong>HOLANDIA<\/strong><\/p>\n\n\n\n<hr class=\"wp-block-separator\" \/>\n\n\n\n<ol class=\"wp-block-list\"><li>BRAK nauczycieli \/ Izabela Rogali\u0144ska \/\/ Nowa Szko\u0142a. \u2013 1999, nr 8, s. 37<\/li><li>BRD w Holandii. Cz. 1 \/\/ Wychowanie Techniczne w Szkole. \u2013 1996, nr 3, s. 170-175&nbsp;<em>BRD \u2013 bezpiecze\u0144stwo ruchu drogowego.<\/em><\/li><li>BRD w Holandii. Cz. 2 \/\/ Wychowanie Techniczne w Szkole. \u2013 1996, nr 4, s. 223-224&nbsp;<em>BRD \u2013 bezpiecze\u0144stwo ruchu drogowego.<\/em><\/li><li>BRD w Holandii. Cz. 3 \/\/ Wychowanie Techniczne w Szkole. \u2013 1996, nr 5, s. 296-302&nbsp;<em>BRD \u2013 bezpiecze\u0144stwo ruchu drogowego.<\/em><\/li><li>CHC\u0104 porozumie\u0107 si\u0119 z ca\u0142ym \u015bwiatem \/ Ruth Marshall \/\/ Nowa Szko\u0142a. \u2013 1992, nr 9, s. 541<\/li><li>DO\u015aWIADCZENIA szk\u00f3\u0142 holenderskich \/ Wies\u0142aw Ciczkowski \/\/ Nowa Szko\u0142a. \u2013 1992. nr 8, s. 474-478<\/li><li>Dziecko w roli nauczyciela \/ Kinga Kuszak. \/\/ Wychowanie w Przedszkolu. \u2013 2007, nr 4, s. 14-17&nbsp;<em>Wyjazd szkoleniowy nauczycieli do Holandii w ramach programu Leonardo da Vinci<\/em><\/li><li>FILOZOFIA edukacyjna szko\u0142y&nbsp; (na przyk\u0142adzie szko\u0142y podstawowej w Bilthoven \u2013 Holandia ) : [fragm.] \/ Anna Brzezi\u0144ska, Grzegorz Lutomski, El\u017cbieta Misiorna \/\/ \u017bycie Szko\u0142y. \u2013 1996, nr 7, s. 442-445<\/li><li>HAARLEM \u2013 szko\u0142y Europy ? \/ Marek Mendel \/\/ Nowa Szko\u0142a. \u2013 1994, nr 9, s. 541-543, 546<\/li><li>HOLENDERSKA polityka o\u015bwiatowa na rok 1997 \/ Renata Nowicka \/\/ Nowa Szko\u0142a. \u2013 1997, nr 3, s. 41-42<\/li><li>HOLENDERSKI przepis na nowe nauczanie \/ Sylwia Maria Fali\u0144ska \/\/ Psychologia w Szkole. \u2013 2006, nr 3, s. 133-146<\/li><li>HOLENDERSKI system wspierania rozwoju dzieci \/ Hanna Krauze-Sikorska, Kinga Kuszak \/\/ \u017bycie Szko\u0142y. \u2013 2008, nr 3, s. 52-59<\/li><li>JAK zwalczy\u0107 epidemi\u0119 analfabetyzmu matematycznego \/Ruth Marshall \/\/ Nowa Szko\u0142a. \u2013 1992, nr 9, s. 551<\/li><li>KONCEPCJE kszta\u0142cenia nauczycieli w Holandii \/ Wies\u0142aw Ciczkowski \/\/ Nowa Szko\u0142a. \u2013 1992, nr 6, s. 348-350<\/li><li>KSZTA\u0141CENIE nauczycieli : profesjonalizacja i modularyzacja : obecne tendencje w Holandii \/ Met. L. Kruger, Wiel Veugelers \/\/ Kwartalnik Pedagogiczny. \u2013 1991, nr 2, s. 151-161<\/li><li>KSZTA\u0141CENIE zawodowe w Holandii \/Agnieszka Mikina \/\/ Szko\u0142a Zawodowa. \u2013 1996, nr 4, s. 33-35<\/li><li>KURS na Uni\u0119 : u koleg\u00f3w w Niemczech i Holandii \/ Ewa Grzybowiska \/\/ Geografia w Szkole. \u2013 3003, nr 4, s. 243-248<\/li><li>MARKENDALEN \u2013 o\u015brodek dla dzieci upo\u015bledzonych umys\u0142owo z dodatkowymi ograniczeniami \/ Gra\u017cyna Walczak \/\/ Szko\u0142a Specjalna. \u2013 1995, nr 1, s. 55-58<\/li><li>MODEL wczesnej interwencji w Centrum Theofana w Grave \/ Gra\u017cyna Walczak \/\/ Nowa Szko\u0142a. \u2013 1994, nr 6, s. 362-363<\/li><li>NADZ\u00d3R pedagogiczny w Holandii \/ Maria mendel \/\/ Edukacja i Dialog. \u2013 1992, nr 8, s. 54-56<\/li><li>NOWE role, nowe relacje \/ Majka Magdziarz \/\/ Dyrektor Szko\u0142y. \u2013 1999, nr 12, s.&nbsp; 24-26&nbsp;<em>Udzia\u0142 rodzic\u00f3w w \u017cyciu szko\u0142y na przyk\u0142adzie Holandii<\/em><\/li><li>OCENA osi\u0105gni\u0119\u0107 szkolnych uczni\u00f3w w holenderskim systemie szkolnym \/ Waldemar Dutkiewicz \/\/ Edukacja. \u2013 1996, nr 4, s. 102-108<\/li><li>PARTNERSTWO spo\u0142eczne w edukacji zawodowej w Holandii \/ Wies\u0142aw Karpi\u0144ski \/\/ Nowa Edukacja Zawodowa. \u2013 2003, nr 5, s. 8-11<\/li><li>POM\u00d3\u017b mi, a zrobi\u0119 to sam : system Montessori w Holandii \/ Wies\u0142aw Ciczkowski \/\/ Edukacja i Dialog. \u2013 1992, nr 6, s. 45-49<\/li><li>POLUBI\u0106 matematyk\u0119 \/ Renata Nowicka \/\/ Nowa Szko\u0142a. \u2013 1994, nr 8, s. 489-490<\/li><li>SYSTEM edukacji w Holandii \/ Katarzyna \u017bebrowska \/\/ Edukacja i Dialog. \u2013 1993, nr 10, s. 51-54<\/li><li>SYSTEM pracy z dzieckiem niepe\u0142nosprawnym w Doetinchem \u2013 Holandia \/ Halina Pacy\u0144ska \/\/ Szko\u0142a Specjalna. \u2013 1996, nr 1, s. 52-54<\/li><li>Szkolnictwo holenderskie i jego tradycje \/ Andrzej \u0141ady\u017cy\u0144ski \/\/ Acta Universitatis Wratislaviensis. Prace Pedagogiczne &nbsp;.-Nr 125 .-(1998) s. 91-108<\/li><li>SZKOLNICTWO podstawowe w Holandii \/ Sylwia Grzegorzewska \/\/ \u017bycie Szko\u0142y. \u2013 2001, nr 2, s. 120-124<\/li><li>SZKOLNICTWO prywatne w Holandii \/ Wiktor Rabczuk \/\/ Nowa Szko\u0142a. \u2013 1991, nr 1, s. 45-48<\/li><li>SZKO\u0141A bez napi\u0119\u0107 i stres\u00f3w \/ Irena Wolny \/\/ \u017bycie Szko\u0142y. \u2013 1991, nr 7, s. 444-&nbsp; 446&nbsp;<em>Szko\u0142a waldorfowska w Zeist ko\u0142o Utrechtu w Holandii.<\/em><\/li><li>W DRODZE do Europy \/ Anna Rogacz-Siwi\u0144ska, Damian \u0141\u0119szczak \/\/ Edukacja Medialna. \u2013 2002, nr 2, s. 12-14&nbsp;<em>Struktura szkolnictwa w Holandii.<\/em><\/li><li>W HOLENDERSKICH szko\u0142ach podstawowych \/ Wies\u0142aw Ciczkowski \/\/ Edukacja i Dialog. \u2013 1993, nr 1, s. 43-46<\/li><li>W SZKO\u0141ACH steinerowskich w Holandii \/ Maria Baranowska \/\/ Edukacja i Dialog. \u2013 1992, nr 10, s. 26-28<\/li><li>WIZYTA w unijnej szkole \/ El\u017cbieta M. Jurgowiak \/\/ Edukacja i Dialog. \u2013 2003, nr 5, s. 66-70&nbsp;<em>Szko\u0142y w Niemczech i Holandii.<\/em><\/li><li>WRA\u017bENIA ze szk\u00f3\u0142 waldorfskich \/ Izabela Jaworowicz-Konstanty, Jadwiga Wasiukiewicz \/\/ Edukacja i Dialog. \u2013 1995, nr 1, s. 54-61<em>Szko\u0142y w Niemczech i Holandii.<\/em><\/li><li>WYCHOWANIE patriotyczne w holenderskim muzeum \/ Jolanta Olkusz \/\/Wychowanie w Przedszkolu. -1998 nr 4 s. 271-276<\/li><li>Z wizyt\u0105 w Holandii \/ Ewa Zieli\u0144ska. \/\/ Wychowanie w Przedszkolu. \u2013 2006, &nbsp;nr 2, s. 48-49<\/li><li>ZMIANY w systemie kszta\u0142cenia i szkolenia zawodowego w Holandii \/ Marian Piotrkowski \/\/ Edukacja Ustawiczna Doros\u0142ych. \u2013 2001, nr 4, s. 70-76<\/li><\/ol>\n","protected":false},"excerpt":{"rendered":"<p>Opublikowano 7 lipca 2008 o godzinie 15:40 autor\u00a0Edyta Dobek SZKOLNICTWO W BELGII, DANII I HOLANDIIZestawienie bibliograficzne artyku\u0142\u00f3w z czasopism BELGIA [&hellip;]<\/p>\n","protected":false},"author":205,"featured_media":0,"comment_status":"closed","ping_status":"closed","sticky":false,"template":"","format":"standard","meta":{"_acf_changed":false,"_oasis_is_in_workflow":0,"_oasis_original":0,"inline_featured_image":false,"site-sidebar-layout":"default","site-content-layout":"","ast-site-content-layout":"default","site-content-style":"default","site-sidebar-style":"default","ast-global-header-display":"","ast-banner-title-visibility":"","ast-main-header-display":"","ast-hfb-above-header-display":"","ast-hfb-below-header-display":"","ast-hfb-mobile-header-display":"","site-post-title":"","ast-breadcrumbs-content":"","ast-featured-img":"","footer-sml-layout":"","ast-disable-related-posts":"","theme-transparent-header-meta":"","adv-header-id-meta":"","stick-header-meta":"","header-above-stick-meta":"","header-main-stick-meta":"","header-below-stick-meta":"","astra-migrate-meta-layouts":"default","ast-page-background-enabled":"default","ast-page-background-meta":{"desktop":{"background-color":"","background-image":"","background-repeat":"repeat","background-position":"center center","background-size":"auto","background-attachment":"scroll","background-type":"","background-media":"","overlay-type":"","overlay-color":"","overlay-opacity":"","overlay-gradient":""},"tablet":{"background-color":"","background-image":"","background-repeat":"repeat","background-position":"center center","background-size":"auto","background-attachment":"scroll","background-type":"","background-media":"","overlay-type":"","overlay-color":"","overlay-opacity":"","overlay-gradient":""},"mobile":{"background-color":"","background-image":"","background-repeat":"repeat","background-position":"center center","background-size":"auto","background-attachment":"scroll","background-type":"","background-media":"","overlay-type":"","overlay-color":"","overlay-opacity":"","overlay-gradient":""}},"ast-content-background-meta":{"desktop":{"background-color":"var(--ast-global-color-5)","background-image":"","background-repeat":"repeat","background-position":"center center","background-size":"auto","background-attachment":"scroll","background-type":"","background-media":"","overlay-type":"","overlay-color":"","overlay-opacity":"","overlay-gradient":""},"tablet":{"background-color":"var(--ast-global-color-5)","background-image":"","background-repeat":"repeat","background-position":"center center","background-size":"auto","background-attachment":"scroll","background-type":"","background-media":"","overlay-type":"","overlay-color":"","overlay-opacity":"","overlay-gradient":""},"mobile":{"background-color":"var(--ast-global-color-5)","background-image":"","background-repeat":"repeat","background-position":"center center","background-size":"auto","background-attachment":"scroll","background-type":"","background-media":"","overlay-type":"","overlay-color":"","overlay-opacity":"","overlay-gradient":""}},"_themeisle_gutenberg_block_has_review":false,"footnotes":""},"categories":[172],"tags":[],"class_list":["post-19022","post","type-post","status-publish","format-standard","hentry","category-zestawienia-ru"],"acf":[],"featured_image_urls_v2":{"full":"","thumbnail":"","medium":"","medium_large":"","large":"","1536x1536":"","2048x2048":"","menu-24x24":"","menu-36x36":"","menu-48x48":"","mailpoet_newsletter_max":""},"post_excerpt_stackable_v2":"<p>Opublikowano 7 lipca 2008 o godzinie 15:40 autor\u00a0Edyta Dobek SZKOLNICTWO W BELGII, DANII I HOLANDIIZestawienie bibliograficzne artyku\u0142\u00f3w z czasopism BELGIA BELGIJSKI system o\u015bwiaty \/ Edyta \u0141ukowska, Jadwiga Ku\u0142ak-Pe\u0142ka \/\/ Dyrektor Szko\u0142y. \u2013 2000, nr 11, s. 27-28CENTRUM&nbsp; Szkolnictwa Specjalnego w Brukseli i Louvain-Neuve ,,La Clairiere\u201d \/ Ewa Bramboszcz \/\/ Szko\u0142a Specjalna. \u2013 1993, nr \u00bd, s. 63-68CHARAKTERYSTYKA&nbsp; spo\u0142eczna nauczycieli szk\u00f3\u0142 elementarnych w Belgii i w Polsce w XX wieku \/ Marc Depaepe, Frank Kimon, Adam Fija\u0142kowski \/\/ Kwartalnik Pedagogiczny. \u2013 2002, nr 3\/4, s. 215-239DZIECI&nbsp; w o\u015brodku dla uchod\u017ac\u00f3w w Rixensart \/ Joanna B\u0142ogowska \/\/ Problemy Opieku\u0144czo-Wychowawcze. \u2013 2006, nr&hellip;<\/p>\n","category_list_v2":"<a href=\"https:\/\/bpostrow.pl\/ru\/category\/zestawienia-ru\/\" rel=\"category tag\">Zestawienia bibliograficzne<\/a>","author_info_v2":{"name":"c2FicmFtZWs=","url":"https:\/\/bpostrow.pl\/ru\/author\/c2ficmftzws-2\/"},"comments_num_v2":"0 \u043a\u043e\u043c\u043c\u0435\u043d\u0442\u0430\u0440\u0438\u0435\u0432","_links":{"self":[{"href":"https:\/\/bpostrow.pl\/ru\/wp-json\/wp\/v2\/posts\/19022","targetHints":{"allow":["GET"]}}],"collection":[{"href":"https:\/\/bpostrow.pl\/ru\/wp-json\/wp\/v2\/posts"}],"about":[{"href":"https:\/\/bpostrow.pl\/ru\/wp-json\/wp\/v2\/types\/post"}],"author":[{"embeddable":true,"href":"https:\/\/bpostrow.pl\/ru\/wp-json\/wp\/v2\/users\/205"}],"replies":[{"embeddable":true,"href":"https:\/\/bpostrow.pl\/ru\/wp-json\/wp\/v2\/comments?post=19022"}],"version-history":[{"count":1,"href":"https:\/\/bpostrow.pl\/ru\/wp-json\/wp\/v2\/posts\/19022\/revisions"}],"predecessor-version":[{"id":28762,"href":"https:\/\/bpostrow.pl\/ru\/wp-json\/wp\/v2\/posts\/19022\/revisions\/28762"}],"wp:attachment":[{"href":"https:\/\/bpostrow.pl\/ru\/wp-json\/wp\/v2\/media?parent=19022"}],"wp:term":[{"taxonomy":"category","embeddable":true,"href":"https:\/\/bpostrow.pl\/ru\/wp-json\/wp\/v2\/categories?post=19022"},{"taxonomy":"post_tag","embeddable":true,"href":"https:\/\/bpostrow.pl\/ru\/wp-json\/wp\/v2\/tags?post=19022"}],"curies":[{"name":"wp","href":"https:\/\/api.w.org\/{rel}","templated":true}]}}