{"id":18754,"date":"2022-02-03T14:42:19","date_gmt":"2022-02-03T13:42:19","guid":{"rendered":"https:\/\/ostrow-mazowiecki.bpm.wrotamazowsza.pl\/?p=18754"},"modified":"2024-10-09T16:09:13","modified_gmt":"2024-10-09T14:09:13","slug":"reforma-szkolnictwa-zawodowego-2","status":"publish","type":"post","link":"https:\/\/bpostrow.pl\/uk\/reforma-szkolnictwa-zawodowego-2\/","title":{"rendered":"REFORMA SZKOLNICTWA ZAWODOWEGO"},"content":{"rendered":"\n<p>Opublikowano 11 lipca 2013 o godzinie 15:19 autor\u00a0Edyta Dobek<\/p>\n\n\n\n<p><strong>REFORMA SZKOLNICTWA ZAWODOWEGO<br><\/strong>Zestawienie bibliograficzne za lata 2010-2013<\/p>\n\n\n\n<p><strong><br>1. Ksi\u0105\u017cki<\/strong><\/p>\n\n\n\n<hr class=\"wp-block-separator\" \/>\n\n\n\n<ol class=\"wp-block-list\"><li>Cywilizacyjne wyzwania edukacji zawodowej : wybrane problemy wsp\u00f3\u0142czesnej edukacji zawodowej w Polsce i na S\u0142owacji \/ pod red. Antoniego Krauz. \u2013 Rzesz\u00f3w : Max-Druk Drukarnia Medyczna, 2010.<\/li><li>Edukacja szans\u0105 aktywizacji lokalnego rynku pracy \/ pod red. Urszuli Puli\u0144skiej. \u2013 Olsztyn : Wydawnictwo Uniwersytetu Warmi\u0144sko-Mazurskiego, 2010.<\/li><li>Kompleksowy program rozwoju szkolnictwa zawodowego w zakresie dostosowania oferty do potrzeb sektora us\u0142ug wojew\u00f3dztwa dolno\u015bl\u0105skiego \/ [program oprac. Krzysztof Kwa\u015bniewski et al.]. \u2013 Warszawa : 4P Research Mix, 2010.<\/li><li>Modernizacja kszta\u0142cenia zawodowego w Ma\u0142opolsce : projekt systemowy Wojew\u00f3dztwa Ma\u0142opolskiego \/ [s\u0142owo wst\u0119pne Marek Sowa]. \u2013 Krak\u00f3w : Urz\u0105d Marsza\u0142kowski Wojew\u00f3dztwa Ma\u0142opolskiego, [2011].<\/li><li>Program rozwojowy dla szk\u00f3\u0142 prowadz\u0105cych kszta\u0142cenie na potrzeby sektora ekologicznej produkcji w zakresie szkolnictwa zawodowego \/ [oprac. zesp\u00f3\u0142 Krzysztof Kwa\u015bniewski et al.]. \u2013 Warszawa : 4P Research Mix, 2010.<\/li><\/ol>\n\n\n\n<p><strong>2. Artyku\u0142y z czasopism<\/strong><\/p>\n\n\n\n<hr class=\"wp-block-separator\" \/>\n\n\n\n<ol class=\"wp-block-list\"><li>Badania rynku pracy wsparciem dla kszta\u0142cenia zawodowego \/ El\u017cbieta Ciepucha.\/\/ Edukacja Ustawiczna Doros\u0142ych. \u2013 2012, nr 1, s. 93-105<\/li><li>Bez prze\u0142omu w kszta\u0142ceniu zawodowym \/ Stanis\u0142aw Szelewa.\/\/ Dyrektor Szko\u0142y. \u2013 2011, nr 11, s. 17-18<\/li><li>Bia\u0142ystok ma pomys\u0142 na szkolnictwo zawodowe \/ Lucja Orzechowska.\/\/ Dyrektor Szko\u0142y. \u2013 2012, nr 4, s. 78-84<\/li><li>Debata o Krajowych Ramach Kwalifikacji rozpocz\u0119ta \/ Wies\u0142aw W\u0142odarski.\/\/ Dyrektor Szko\u0142y. \u2013 2010, nr 12, s. 10-12<\/li><li>Dobre praktyki dotycz\u0105ce kszta\u0142cenia zawodowego w aspekcie transgranicznego rynku pracy \/ Tadeusz Popowicz.\/\/ Dyrektor Szko\u0142y. \u2013 2010, nr 2, s. 24-26<\/li><li>Dolno\u015bl\u0105ski spos\u00f3b na modernizacj\u0119 kszta\u0142cenia zawodowego : jak podnie\u015b\u0107 jako\u015b\u0107 edukacji zawodowej dla wszystkich uczni\u00f3w \/ Ma\u0142gorzata Iwa\u0144ska, Stanis\u0142aw Szelewa.\/\/ Dyrektor Szko\u0142y. \u2013 2010, nr 5, s. 35-38<\/li><li>Edukacja zawodowa a rynek pracy: my\u015bli niedoko\u0144czone \/ Waldemar Furmanek.\/\/ Edukacja Ustawiczna Doros\u0142ych. \u2013 2012, nr 1, s. 15-20<\/li><li>Edukacja zawodowa i rynek pracy w perspektywie teoretycznej \/ Jerzy Stochmia\u0142ek.\/\/ Edukacja Ustawiczna Doros\u0142ych. \u2013 2012, nr 1, s. 32-36<\/li><li>Edukacja zawodowa wobec zmiany cywilizacyjnej \/ Ryszard Gerlach.\/\/ Edukacja. \u2013 2011, nr 2, s. 5-14<\/li><li>Innowacje edukacyjne w \u0142\u00f3dzkich szko\u0142ach zawodowych \/ Janusz Moos.\/\/ Edukacja Ustawiczna Doros\u0142ych. \u2013 2011, nr 4, s. 33-41<\/li><li>Modyfikacja modu\u0142owych program\u00f3w kszta\u0142cenia zawodowego \/ Dagmara Kowalik.\/\/ Edukacja Ustawiczna Doros\u0142ych. \u2013 2011, nr 3, s. 90-98<\/li><li>Nareszcie nast\u0105pi\u0105 zmiany w szkolnictwie zawodowym \/ Eliza Iwa\u0144ska.\/\/ Dyrektor Szko\u0142y. \u2013 2012, nr 10, s. 29-32<\/li><li>Nowy model kszta\u0142cenia zawodowego : (og\u00f3lnopolska kampania \u201eSzko\u0142a zawodowa szko\u0142\u0105 pozytywnego wyboru\u201d) \/ Lidia Jastrz\u0119bska.\/\/ Nowa Szko\u0142a. \u2013 2013, nr 5, s. 3-8<\/li><li>O pewnych dysfunkcjach kszta\u0142cenia zawodowego \/ Andrzej Bogaj.\/\/ Edukacja Ustawiczna Doros\u0142ych. \u2013 2010, nr 1, s. 17-24<\/li><li>O zmianach w edukacji zawodowej \/ Janusz Moos.\/\/ Dyrektor Szko\u0142y. \u2013 2011, nr 11, s. 14-16<\/li><li>Pozaszkolne formy kszta\u0142cenia zawodowego \u2013 organizowanie zaj\u0119\u0107 i zatrudnianie nauczycieli \/ Stanis\u0142aw Szelewa.\/\/ Dyrektor Szko\u0142y. \u2013 2012, nr 8, s. 50-52.<\/li><li>Pozaszkolne formy kszta\u0142cenia zawodowego, czyli o szansach na dostosowanie do potrzeb rynku pracy \/ Stanis\u0142aw Szelewa.\/\/ Dyrektor Szko\u0142y. \u2013 2012, nr 3, s. 12-14<\/li><li>Ramowe plany nauczania w szko\u0142ach zawodowych \/ Bogus\u0142awa Wojtczak.\/\/ Dyrektor Szko\u0142y. \u2013 2012, nr 3, s. 14-18<\/li><li>Reforma kszta\u0142cenia zawodowego \/ Stanis\u0142aw Szelewa.\/\/ Dyrektor Szko\u0142y. \u2013 2010, nr 2, s. 8-14<\/li><li>Szansa czy iluzja? : o kszta\u0142ceniu zawodowym specjalnym dla uczni\u00f3w g\u0142uchych i s\u0142abos\u0142ysz\u0105cych \/ Mariusz Sak.\/\/ Niepe\u0142nosprawno\u015b\u0107 i Rehabilitacja. \u2013 2012, nr 2, s. 40-45<\/li><li>Szkolnictwo zawodowe \u2013 diagnoza stanu oraz mo\u017cliwo\u015bci rozwoju \/ J\u00f3zef G\u00f3rniewicz.\/\/ Wychowanie Na Co Dzie\u0144. \u2013 2012, nr 9, s. 8-11<\/li><li>Szkolnictwo zawodowe dla os\u00f3b niepe\u0142nosprawnych \/ Agata Ob\u0142\u0105czek.\/\/ Niepe\u0142nosprawno\u015b\u0107 i Rehabilitacja. \u2013 2011, nr 3, s. 44-55<\/li><li>Wymagania, kwalifikacje i modu\u0142owa technologia kszta\u0142cenia specjalist\u00f3w zaawansowanych technologii przemys\u0142owych \/ Krzysztof Symela.\/\/ Edukacja Ustawiczna Doros\u0142ych .- 2012, nr 3, s. 54-64<\/li><li>Wyzwania dla kszta\u0142cenia i szkole\u0144 zawodowych w kontek\u015bcie Strategii Europa 2020 \/ Jo\u00e3o Delgado ; t\u0142. i oprac. Ma\u0142gorzata Kacprzak.\/\/ Edukacja Ustawiczna Doros\u0142ych. \u2013 2010, nr 4, s. 91-97<\/li><li>Zmiany programowe w szko\u0142ach zawodowych \/ Agata Oleksiak.\/\/ Dyrektor Szko\u0142y. \u2013 2012, nr 11, s. 14-18<\/li><li>Zmiany w kszta\u0142ceniu zawodowym \/ Bogus\u0142awa Wojtczak.\/\/ Dyrektor Szko\u0142y. \u2013 2012, nr 4, s. 74-77<\/li><\/ol>\n","protected":false},"excerpt":{"rendered":"<p>Opublikowano 11 lipca 2013 o godzinie 15:19 autor\u00a0Edyta Dobek REFORMA SZKOLNICTWA ZAWODOWEGOZestawienie bibliograficzne za lata 2010-2013 1. Ksi\u0105\u017cki Cywilizacyjne wyzwania [&hellip;]<\/p>\n","protected":false},"author":205,"featured_media":0,"comment_status":"closed","ping_status":"closed","sticky":false,"template":"","format":"standard","meta":{"_acf_changed":false,"_oasis_is_in_workflow":0,"_oasis_original":0,"inline_featured_image":false,"site-sidebar-layout":"default","site-content-layout":"","ast-site-content-layout":"default","site-content-style":"default","site-sidebar-style":"default","ast-global-header-display":"","ast-banner-title-visibility":"","ast-main-header-display":"","ast-hfb-above-header-display":"","ast-hfb-below-header-display":"","ast-hfb-mobile-header-display":"","site-post-title":"","ast-breadcrumbs-content":"","ast-featured-img":"","footer-sml-layout":"","ast-disable-related-posts":"","theme-transparent-header-meta":"","adv-header-id-meta":"","stick-header-meta":"","header-above-stick-meta":"","header-main-stick-meta":"","header-below-stick-meta":"","astra-migrate-meta-layouts":"default","ast-page-background-enabled":"default","ast-page-background-meta":{"desktop":{"background-color":"","background-image":"","background-repeat":"repeat","background-position":"center center","background-size":"auto","background-attachment":"scroll","background-type":"","background-media":"","overlay-type":"","overlay-color":"","overlay-opacity":"","overlay-gradient":""},"tablet":{"background-color":"","background-image":"","background-repeat":"repeat","background-position":"center center","background-size":"auto","background-attachment":"scroll","background-type":"","background-media":"","overlay-type":"","overlay-color":"","overlay-opacity":"","overlay-gradient":""},"mobile":{"background-color":"","background-image":"","background-repeat":"repeat","background-position":"center center","background-size":"auto","background-attachment":"scroll","background-type":"","background-media":"","overlay-type":"","overlay-color":"","overlay-opacity":"","overlay-gradient":""}},"ast-content-background-meta":{"desktop":{"background-color":"var(--ast-global-color-5)","background-image":"","background-repeat":"repeat","background-position":"center center","background-size":"auto","background-attachment":"scroll","background-type":"","background-media":"","overlay-type":"","overlay-color":"","overlay-opacity":"","overlay-gradient":""},"tablet":{"background-color":"var(--ast-global-color-5)","background-image":"","background-repeat":"repeat","background-position":"center center","background-size":"auto","background-attachment":"scroll","background-type":"","background-media":"","overlay-type":"","overlay-color":"","overlay-opacity":"","overlay-gradient":""},"mobile":{"background-color":"var(--ast-global-color-5)","background-image":"","background-repeat":"repeat","background-position":"center center","background-size":"auto","background-attachment":"scroll","background-type":"","background-media":"","overlay-type":"","overlay-color":"","overlay-opacity":"","overlay-gradient":""}},"_themeisle_gutenberg_block_has_review":false,"footnotes":""},"categories":[49],"tags":[],"class_list":["post-18754","post","type-post","status-publish","format-standard","hentry","category-zestawienia"],"acf":[],"featured_image_urls_v2":{"full":"","thumbnail":"","medium":"","medium_large":"","large":"","1536x1536":"","2048x2048":"","menu-24x24":"","menu-36x36":"","menu-48x48":"","mailpoet_newsletter_max":""},"post_excerpt_stackable_v2":"<p>Opublikowano 11 lipca 2013 o godzinie 15:19 autor\u00a0Edyta Dobek REFORMA SZKOLNICTWA ZAWODOWEGOZestawienie bibliograficzne za lata 2010-2013 1. Ksi\u0105\u017cki Cywilizacyjne wyzwania edukacji zawodowej : wybrane problemy wsp\u00f3\u0142czesnej edukacji zawodowej w Polsce i na S\u0142owacji \/ pod red. Antoniego Krauz. \u2013 Rzesz\u00f3w : Max-Druk Drukarnia Medyczna, 2010.Edukacja szans\u0105 aktywizacji lokalnego rynku pracy \/ pod red. Urszuli Puli\u0144skiej. \u2013 Olsztyn : Wydawnictwo Uniwersytetu Warmi\u0144sko-Mazurskiego, 2010.Kompleksowy program rozwoju szkolnictwa zawodowego w zakresie dostosowania oferty do potrzeb sektora us\u0142ug wojew\u00f3dztwa dolno\u015bl\u0105skiego \/ [program oprac. Krzysztof Kwa\u015bniewski et al.]. \u2013 Warszawa : 4P Research Mix, 2010.Modernizacja kszta\u0142cenia zawodowego w Ma\u0142opolsce : projekt systemowy Wojew\u00f3dztwa Ma\u0142opolskiego \/&hellip;<\/p>\n","category_list_v2":"<a href=\"https:\/\/bpostrow.pl\/uk\/kategoria\/zestawienia\/\" rel=\"category tag\">Zestawienia bibliograficzne<\/a>","author_info_v2":{"name":"c2FicmFtZWs=","url":"https:\/\/bpostrow.pl\/uk\/author\/c2ficmftzws-2\/"},"comments_num_v2":"0 \u043a\u043e\u043c\u0435\u043d\u0442\u0430\u0440\u0456\u0432","_links":{"self":[{"href":"https:\/\/bpostrow.pl\/uk\/wp-json\/wp\/v2\/posts\/18754","targetHints":{"allow":["GET"]}}],"collection":[{"href":"https:\/\/bpostrow.pl\/uk\/wp-json\/wp\/v2\/posts"}],"about":[{"href":"https:\/\/bpostrow.pl\/uk\/wp-json\/wp\/v2\/types\/post"}],"author":[{"embeddable":true,"href":"https:\/\/bpostrow.pl\/uk\/wp-json\/wp\/v2\/users\/205"}],"replies":[{"embeddable":true,"href":"https:\/\/bpostrow.pl\/uk\/wp-json\/wp\/v2\/comments?post=18754"}],"version-history":[{"count":3,"href":"https:\/\/bpostrow.pl\/uk\/wp-json\/wp\/v2\/posts\/18754\/revisions"}],"predecessor-version":[{"id":29128,"href":"https:\/\/bpostrow.pl\/uk\/wp-json\/wp\/v2\/posts\/18754\/revisions\/29128"}],"wp:attachment":[{"href":"https:\/\/bpostrow.pl\/uk\/wp-json\/wp\/v2\/media?parent=18754"}],"wp:term":[{"taxonomy":"category","embeddable":true,"href":"https:\/\/bpostrow.pl\/uk\/wp-json\/wp\/v2\/categories?post=18754"},{"taxonomy":"post_tag","embeddable":true,"href":"https:\/\/bpostrow.pl\/uk\/wp-json\/wp\/v2\/tags?post=18754"}],"curies":[{"name":"wp","href":"https:\/\/api.w.org\/{rel}","templated":true}]}}