{"id":18796,"date":"2022-02-03T15:00:54","date_gmt":"2022-02-03T14:00:54","guid":{"rendered":"https:\/\/ostrow-mazowiecki.bpm.wrotamazowsza.pl\/?p=18796"},"modified":"2024-10-09T15:53:48","modified_gmt":"2024-10-09T13:53:48","slug":"sprawnosc-motoryczna-2","status":"publish","type":"post","link":"https:\/\/bpostrow.pl\/uk\/sprawnosc-motoryczna-2\/","title":{"rendered":"SPRAWNO\u015a\u0106 MOTORYCZNA"},"content":{"rendered":"\n<p>Opublikowano 5 wrze\u015bnia 2013 o godzinie 15:39 autor\u00a0Iwona Mickiewicz<\/p>\n\n\n\n<p><strong>Sprawno\u015b\u0107 motoryczna<br><\/strong>(zestawienie bibliograficzne)<\/p>\n\n\n\n<p><strong>Ksi\u0105\u017cki:<\/strong><\/p>\n\n\n\n<hr class=\"wp-block-separator\" \/>\n\n\n\n<ol class=\"wp-block-list\"><li>Szopa Jan, Mleczko Edward, \u017bak Stanis\u0142aw: Podstawy antropomotoryki.&nbsp; \u2013 Wyd. 2. \u2013 Warszawa ; Krak\u00f3w : Wydaw. Naukowe PWN, 2000 (W 51912)<\/li><li>Talaga Zbigniew: Sprawno\u015b\u0107 fizyczna og\u00f3lna : testy. Zysk i S-ka, cop. 2004. (W 53778)<\/li><li>Zdrowie i sprawno\u015b\u0107 motoryczna w kulturze fizycznej dzieci i m\u0142odzie\u017cy \/ red. Mariusz Zasada ; Wy\u017csza Szko\u0142a Pedagog. w Bydgoszczy. \u2013 Bydgoszcz : Wydaw. WSP, 1999. (W 49311)<\/li><\/ol>\n\n\n\n<p><strong>Artyku\u0142y z czasopism<\/strong><\/p>\n\n\n\n<hr class=\"wp-block-separator\" \/>\n\n\n\n<ol class=\"wp-block-list\"><li>Aktywno\u015bc fizyczna os\u00f3b starszych \/ Natalia Morgulec, Andrzej Kosmol.\/\/ Kultura Fizyczna. \u2013 2007, nr 1\/2, s. 31-32<\/li><li>Aktywno\u015b\u0107 fizyczna spo\u0142ecze\u0144stwa polskiego na tle Europy \/ Monika Pi\u0105tkowska.\/\/ Kultura Fizyczna. \u2013 2008, nr 3\/4, s. 11-18<\/li><li>Aktywno\u015b\u0107 ruchowa a kultura zdrowotna \/ Zygmunt Jaworski.\/\/ Lider. \u2013 2008, nr 1, s. 5-7<\/li><li>Aktywno\u015b\u0107 ruchowa pracownik\u00f3w naukowo-dydaktycznych prywatnej uczelni wy\u017cszej \/ El\u017cbieta Biernat, Karol Roguski.\/\/ Wychowanie Fizyczne i Sport. \u2013 2009, T. 53, z. 1, s. 35-41<\/li><li>Analiza sprawno\u015bci oraz struktury somatycznej : student\u00f3w AWF i PWST w Krakowie \/ Tadeusz Ambro\u017cy, Pawe\u0142 Kowalski, Izabela Zaj\u0105c-Gawlak.\/\/ Wychowanie Fizyczne i Zdrowotne. \u2013 2009, nr 4, s. 35-40<\/li><li>Biokulturowe uwarunkowania aktywno\u015bci motorycznej i rozwoju sprawno\u015bci cz\u0142owieka oraz wynikaj\u0105ce st\u0105d perspektywy kultury fizycznej \/ Napoleon Wola\u0144ski.\/\/ Kultura Fizyczna. \u2013 2007, nr 1\/2, s. 1-11<\/li><li>Co mo\u017ce da\u0107 uczniom klas I-III udzia\u0142 w zorganizowanych zaj\u0119ciach ruchowych? \/ Seweryn Sulisz.\/\/ \u017bycie Szko\u0142y. \u2013 2012, nr 6, s. 4-9<\/li><li>\u0106wiczenia si\u0142owe w procesie kszta\u0142towania sprawno\u015bci motorycznej dzieci i m\u0142odzie\u017cy \/ Tadeusz Stefaniak, Anita Stefaniak, Dariusz Harmaci\u0144ski.\/\/ Lider. \u2013 2010, nr 4, s. 25-26<\/li><li>Diagnozowanie stanu sprawno\u015bci fizycznej uczni\u00f3w klas I-III jako przeciwdzia\u0142anie regresji rozwoju dziecka \/ Robert B\u0105k.\/\/ Lider. \u2013 2006, nr 11, s. 5-8<\/li><li>Drabinka pozioma \u2013 \u0107wiczenia koordynacyjne \/ Pawe\u0142 Wo\u017any.\/\/ Wychowanie Fizyczne i Zdrowotne. \u2013 2010, nr 7, s. 39-42<\/li><li>Dysfunkcje narz\u0105du s\u0142uchu \/ Dominik D\u0105browski.\/\/ Wychowanie Fizyczne i Zdrowotne. \u2013 2009, nr 3, s. 17-21<\/li><li>Dyspraksja: kiedy zawi\u0105zanie buta staje si\u0119 problemem\u2026 \/ Aleksandra Kubala\u2013Kulpi\u0144ska.\/\/ \u017bycie Szko\u0142y. \u2013 2013, nr 4, s. 4-7<\/li><li>Gibko\u015b\u0107 w pi\u0142ce no\u017cnej \/ Marcin Wr\u00f3bel.\/\/ Magazyn Trenera. \u2013 2012, nr 11 (22), s. 5-10<\/li><li>Jak rozwija\u0107 skoczno\u015b\u0107 m\u0142odych zawodnik\u00f3w \/ Jaros\u0142aw Jab\u0142o\u0144ski.\/\/ Magazyn Trenera. \u2013 2012, nr 9 (20), s. 5-9<\/li><li>Jak rozwija\u0107 sprawno\u015b\u0107 fizyczn\u0105 : poradnik dla uczni\u00f3w Liceum Og\u00f3lnokszta\u0142c\u0105cego nr 7 im. K. K. Baczy\u0144skiego we Wroc\u0142awiu (na podstawie pracy dr. Ryszarda Jezierskiego) \/ Ewa G\u0142ogowska-Nowak.\/\/ Lider. \u2013 2012, nr 5, s. 35-48<\/li><li>Jak wspiera\u0107 sprawno\u015b\u0107 manualn\u0105 na starcie szkolnym? \/ Katarzyna Nadrowska.\/\/ \u017bycie Szko\u0142y. \u2013 2011, nr 9, s. 54-62<\/li><li>Jako\u015b\u0107 \u017cycia a samoocena os\u00f3b z niepe\u0142nosprawno\u015bci\u0105 wzrokow\u0105 uczestnicz\u0105cych w zorganizowanych formach aktywno\u015bci ruchowej \/ Magdalena Wrzesi\u0144ska, Micha\u0142 Tarnaski, J\u00f3zef Kocur.\/\/ Wychowanie Fizyczne i Sport. \u2013 2008, Z. 3, s. 129-132<\/li><li>Kilka uwag na temat aktywno\u015bci fizycznej i kondycji cz\u0142owieka \/ Zenon Wa\u017cny.\/\/ Kultura Fizyczna. \u2013 2010, nr 9\/12, s. 1-5<\/li><li>Koordynacja u adept\u00f3w koszyk\u00f3wki \/ Piotr D\u0119bi\u0144ski, Agnieszka G\u0142owacka.\/\/ Magazyn Trenera. \u2013 2012, nr 6 (19), s. 10-11<\/li><li>Koordynacyjne zdolno\u015bci a sprawno\u015b\u0107 motoryczna : m\u0142odzie\u017cy uprawiaj\u0105cej sporty zimowe \/ Kazimierz Chojnacki, Dariusz Tch\u00f3rzewski.\/\/ Wychowanie Fizyczne i Zdrowotne. \u2013 2009, nr 2, s. 32-41<\/li><li>Kryteria oceny efektywno\u015bci programu \u0107wicze\u0144 : ukierunkowanego na kszta\u0142towanie r\u00f3wnowagi cia\u0142a u dzieci \/ Kazimierz Kochanowicz, Ewa Kucharska.\/\/ Wychowanie Fizyczne i Zdrowotne. \u2013 2008, nr 8, s. 21-27<\/li><li>Kszta\u0142towanie i doskonalenie zwinno\u015bci \/ Jaros\u0142aw Jab\u0142o\u0144ski.\/\/ Magazyn Trenera. \u2013 2012, nr 10 (21), s. 5-9<\/li><li>Kszta\u0142towanie skoczno\u015bci \u2013 w szkolnym wychowaniu fizycznym \/ Piotr Bora.\/\/ Wychowanie Fizyczne i Zdrowotne. \u2013 2012, nr 9, s. 30-32<\/li><li>Kszta\u0142towanie wytrzyma\u0142o\u015bci \u2013 w sali gimnastycznej \/ Dorota Kamie\u0144.\/\/ Wychowanie Fizyczne i Zdrowotne. \u2013 2010, nr 10, s. 41-42<\/li><li>Kszta\u0142towanie zdolno\u015bci koordynacyjnych : przyk\u0142adowe \u0107wiczenia dla dzieci i m\u0142odzie\u017cy przydatne w wielu dyscyplinach \/ Jaros\u0142aw Jab\u0142o\u0144ski.\/\/ Magazyn Trenera. \u2013 2012, nr 6 (19), s. 5-9<\/li><li>Metodyka zaj\u0119\u0107 Tai Chi z osobami starszymi \/ Monika Sufinowicz, Renata \u015aleboda, Janusz Maciaszek i 3 in.\/\/ Wychowanie Fizyczne i Zdrowotne. \u2013 2007, nr 2, s. 38-41<\/li><li>Mi\u0119dzynarodowy Kwestionariusz Aktywno\u015bci Fizycznej (IPAQ) \u2013 wersja polska \/ El\u017cbieta Biernat, Romuald Stupnicki, Antoni Kazimierz Gajewski.\/\/ Wychowanie Fizyczne i Zdrowotne. \u2013 2007, nr 6\/7, s. 4-9<\/li><li>Mi\u0119dzynarodowy Kwestionariusz Aktywno\u015bci Fizycznej (IPAQ) \u2013 wersja polska \/ El\u017cbieta Biernat, Romuald Stupnicki, Antoni Kazimierz Gajewski.\/\/ Wychowanie Fizyczne i Sport. \u2013 2007, Z. 1, s. 47-54<\/li><li>Momenty si\u0142 wybranych grup mi\u0119\u015bniowych przedramienia u m\u0142odych m\u0119\u017cczyzn aktywnych fizycznie \/ Marcin Popieluch.\/\/ Wychowanie Fizyczne i Sport. \u2013 T. 52, z. 4 (2008), s. 173-180<\/li><li>Motywacja osi\u0105gni\u0119\u0107 a sprawno\u015b\u0107 fizyczna 15-letnich dziewcz\u0105t \/ Monika Guszkowska, Tadeusz Rychta.\/\/ Wychowanie Fizyczne i Sport. \u2013 2007, Z. 2, s. 67-69<\/li><li>Niestandardowe wychowanie fizyczne \/ Pawe\u0142 Wo\u017any.\/\/ Lider. \u2013 2007, nr 10, s. 24-27<\/li><li>Obiektywizacja oceny \u2013 sprawno\u015b\u0107i lekkoatletycznej \/ Robert Jaszczuk.\/\/ Wychowanie Fizyczne i Zdrowotne. \u2013 2010, nr 2, s. 28-31<\/li><li>Ocena aktywno\u015bci fizycznej m\u0142odzie\u017cy trenuj\u0105cej pi\u0142k\u0119 no\u017cn\u0105 \/ El\u017cbieta Biernat, Grzegorz Zalewski, Romuald Stupnicki.\/\/ Wychowanie Fizyczne i Sport. \u2013 2007, Z. 2, s. 95-98<\/li><li>Ocena mo\u017cliwo\u015bci si\u0142owo-szybko\u015bciowych ko\u0144czyn dolnych i zdolno\u015bci wysi\u0142kowych w procesie nauczania narciarstwa zjazdowego \/ Beata Wojtyczek, Ma\u0142gorzata Pas\u0142awska, Dorota Trzci\u0144ska, Anna Madej.\/\/ Wychowanie Fizyczne i Sport. \u2013 2010, T. 54, z. 4, s. 229-232<\/li><li>Osi\u0105gni\u0119cia czy zdrowie i styl \u017cycia \u2013 czyli o testowaniu sprawno\u015bci fizycznej \/ Wies\u0142aw Osi\u0144ski.\/\/ Wychowanie Fizyczne i Zdrowotne. \u2013 2009, nr 5, s. 4-9<\/li><li>Podstawy teoretyczne projektu \u201eTrzymaj form\u0119\u201d \u2013 poradnik dla nauczycieli \/ Stowarzyszenie \u201ePolska Federacja Producent\u00f3w \u017bywno\u015bci\u201d.\/\/ Lider. \u2013 2007, nr 2, s. 4-17<\/li><li>Pokoleniowe zmiany cech somatycznych i zdolno\u015bci motorycznych dziewcz\u0105t o zr\u00f3\u017cnicowanym tempie dojrzewania biologicznego \/ Jerzy Saczuk, Agnieszka Wasiluk.\/\/ Wychowanie Fizyczne i Sport. \u2013 2011, T. 55, z. 1, s. 25-34<\/li><li>Rozwijanie koordynacji \u2013 zdolno\u015b\u0107 r\u00f3\u017cnicowania \/ Kinga Kla\u015b-Pupar.\/\/ Remedium. \u2013 2010, nr 11, s. 21<\/li><li>Rozwijanie koordynacji \u2013 zdolno\u015b\u0107 szybkiej reakcji \/ Kinga Kla\u015b-Pupar.\/\/ Remedium. \u2013 2010, nr 9, s. 21<\/li><li>Rozw\u00f3j oraz kszta\u0142towanie koordynacji ruchowej dzieci i m\u0142odzie\u017cy \/ Adam Kr\u00f3lak, Piotr Raciborski.\/\/ Wychowanie Fizyczne i Zdrowotne. \u2013 2006, nr 3, s. (2)-(8)<\/li><li>Rozw\u00f3j sprawno\u015bci motorycznych dzieci pi\u0119cioletnich \/ Ewa Lewandowska.\/\/ Wychowanie w Przedszkolu. \u2013 2012, nr 5, s. 10-16<\/li><li>Skuteczno\u015b\u0107 program\u00f3w treningu szybko\u015bci z u\u017cyciem bieg\u00f3w mi\u0119dzy listwami \/ Beata Makaruk, Hubert Makaruk, Tomasz Sacewicz.\/\/ Wychowanie Fizyczne i Sport. \u2013 2009, T. 53, z. 3, s. 167-172<\/li><li>Sprawno\u015b\u0107 fizyczna a osi\u0105gni\u0119cia w nauce uczni\u00f3w klas I gimnazjum \/ Jolanta Derbich.\/\/ Kultura Fizyczna. \u2013 2008, nr 1\/2, s. 11-15<\/li><li>Sprawno\u015b\u0107 fizyczna a wysklepienie stopy uczestnik\u00f3w \u0107wicze\u0144 fitness \/ Grzegorz Olkowski.\/\/ Lider. \u2013 2011, nr 1, s. 9-11<\/li><li>Sprawno\u015b\u0107 fizyczna nies\u0142ysz\u0105cych dziewcz\u0105t i ch\u0142opc\u00f3w : na tle populacji 16-17 roku \u017cycia \/ Micha\u0142 Spieszny, Ryszard Tabor, Marzena Tabor.\/\/ Wychowanie Fizyczne i Zdrowotne. \u2013 2008, nr 5, s. 19-26<\/li><li>Sprawno\u015b\u0107 i aktywno\u015b\u0107 fizyczna w kontek\u015bcie oddzia\u0142ywa\u0144 \u015brodowiskowych i zdrowia \/ Waldemar Zgurski.\/\/ Lider. \u2013 2006, nr 11, s. 3-4<\/li><li>Sprawno\u015b\u0107 i zachowania prozdrowotne \u2013 ch\u0142opc\u00f3w z klas o profilu sportowym i og\u00f3lnokszta\u0142c\u0105cym \/ Pawe\u0142 Lizis.\/\/ Wychowanie Fizyczne i Zdrowotne. \u2013 2011, nr 11, s. 24-27<\/li><li>Sprawozdanie z konferencji : \u201eDyspraksj\u0119 zrozumie\u0107, wspiera\u0107, edukowa\u0107\u201d, Warszawa 22 pa\u017adziernika 2008 \/ Dorota B\u0142a\u017cejczyk.\/\/ Szko\u0142a Specjalna. \u2013 2009, nr 3, s. 227-228<\/li><li>Stare prawdy \u2013 wiecznie m\u0142ode \/ Adam Cichosz.\/\/ Wychowanie Fizyczne i Zdrowotne. \u2013 2013, nr 3, s. 27-31<\/li><li>Szybko\u015b\u0107 : formy biegowe i przyk\u0142ady treningu w kszta\u0142towaniu szybko\u015bci \/ Jaros\u0142aw Jab\u0142o\u0144ski.\/\/ Magazyn Trenera. \u2013 2012, nr 5 (18), s. 35-38<\/li><li>Walidacja test\u00f3w komputerowych mierz\u0105cych wybrane koordynacyjne zdolno\u015bci motoryczne \/ Stanis\u0142aw Sterkowicz, Janusz Jaworski.\/\/ Wychowanie Fizyczne i Sport. \u2013 2012, T. 56, z. 1, s. 11-15<\/li><li>Weryfikacja wybranych pr\u00f3b sprawno\u015bciowych stosowanych w analizie postawy cia\u0142a \/ Alicja Romanowska.\/\/ Wychowanie Fizyczne i Zdrowotne. \u2013 2006, nr 6\/7, s. (5)-(12)<\/li><li>Wewn\u0119trzne uwarunkowania zdolno\u015bci motorycznych \u2013 dzieci i m\u0142odzie\u017cy z dysfunkcjami narz\u0105du s\u0142uchu \/ Dominik D\u0105browski.\/\/ Wychowanie Fizyczne i Zdrowotne. \u2013 2009, nr 7, s. 12-19<\/li><li>Wp\u0142yw \u015brodowiska na rozw\u00f3j somatyczny dziewcz\u0105t z Podkarpacia w wieku 7-14 lat \/ Adam Bielecki, Gra\u017cyna Bielecka.\/\/ Lider. \u2013 2011, nr 2, s. 6-8<\/li><li>Wp\u0142yw zimowego szkolenia survivalowego na wybrane wska\u017aniki zdolno\u015bci motorycznych \/ Andrzej Tomczak.\/\/ Wychowanie Fizyczne i Sport. \u2013 2010, T. 54, z. 4, s. 197-201<\/li><li>Wytrzyma\u0142o\u015b\u0107 : formy biegowe i rodzaje treningu tlenowego w kszta\u0142towaniu wytrzyma\u0142o\u015bci og\u00f3lnej \/ Jaros\u0142aw Jab\u0142o\u0144ski.\/\/ Magazyn Trenera. \u2013 2012, nr 4 (17), s. 32-35<\/li><li>Zdolno\u015bci motoryczne dzieci i m\u0142odzie\u017cy. Cz. 18 \/ Kinga Kla\u015b-Pupar.\/\/ Remedium. \u2013 2010, nr 6, s. 21<\/li><li>Zmiany wybranych zdolno\u015bci motorycznych u siatkarek w rocznym cyklu szkoleniowym \/ Monika Lipi\u0144ska.\/\/ Kultura Fizyczna. \u2013 2011, nr 5\/8, s. 33-36<\/li><\/ol>\n","protected":false},"excerpt":{"rendered":"<p>Opublikowano 5 wrze\u015bnia 2013 o godzinie 15:39 autor\u00a0Iwona Mickiewicz Sprawno\u015b\u0107 motoryczna(zestawienie bibliograficzne) Ksi\u0105\u017cki: Szopa Jan, Mleczko Edward, \u017bak Stanis\u0142aw: Podstawy [&hellip;]<\/p>\n","protected":false},"author":205,"featured_media":0,"comment_status":"closed","ping_status":"closed","sticky":false,"template":"","format":"standard","meta":{"_acf_changed":false,"_oasis_is_in_workflow":0,"_oasis_original":0,"inline_featured_image":false,"site-sidebar-layout":"default","site-content-layout":"","ast-site-content-layout":"default","site-content-style":"default","site-sidebar-style":"default","ast-global-header-display":"","ast-banner-title-visibility":"","ast-main-header-display":"","ast-hfb-above-header-display":"","ast-hfb-below-header-display":"","ast-hfb-mobile-header-display":"","site-post-title":"","ast-breadcrumbs-content":"","ast-featured-img":"","footer-sml-layout":"","ast-disable-related-posts":"","theme-transparent-header-meta":"","adv-header-id-meta":"","stick-header-meta":"","header-above-stick-meta":"","header-main-stick-meta":"","header-below-stick-meta":"","astra-migrate-meta-layouts":"default","ast-page-background-enabled":"default","ast-page-background-meta":{"desktop":{"background-color":"","background-image":"","background-repeat":"repeat","background-position":"center center","background-size":"auto","background-attachment":"scroll","background-type":"","background-media":"","overlay-type":"","overlay-color":"","overlay-opacity":"","overlay-gradient":""},"tablet":{"background-color":"","background-image":"","background-repeat":"repeat","background-position":"center center","background-size":"auto","background-attachment":"scroll","background-type":"","background-media":"","overlay-type":"","overlay-color":"","overlay-opacity":"","overlay-gradient":""},"mobile":{"background-color":"","background-image":"","background-repeat":"repeat","background-position":"center center","background-size":"auto","background-attachment":"scroll","background-type":"","background-media":"","overlay-type":"","overlay-color":"","overlay-opacity":"","overlay-gradient":""}},"ast-content-background-meta":{"desktop":{"background-color":"var(--ast-global-color-5)","background-image":"","background-repeat":"repeat","background-position":"center center","background-size":"auto","background-attachment":"scroll","background-type":"","background-media":"","overlay-type":"","overlay-color":"","overlay-opacity":"","overlay-gradient":""},"tablet":{"background-color":"var(--ast-global-color-5)","background-image":"","background-repeat":"repeat","background-position":"center center","background-size":"auto","background-attachment":"scroll","background-type":"","background-media":"","overlay-type":"","overlay-color":"","overlay-opacity":"","overlay-gradient":""},"mobile":{"background-color":"var(--ast-global-color-5)","background-image":"","background-repeat":"repeat","background-position":"center center","background-size":"auto","background-attachment":"scroll","background-type":"","background-media":"","overlay-type":"","overlay-color":"","overlay-opacity":"","overlay-gradient":""}},"_themeisle_gutenberg_block_has_review":false,"footnotes":""},"categories":[49],"tags":[],"class_list":["post-18796","post","type-post","status-publish","format-standard","hentry","category-zestawienia"],"acf":[],"featured_image_urls_v2":{"full":"","thumbnail":"","medium":"","medium_large":"","large":"","1536x1536":"","2048x2048":"","menu-24x24":"","menu-36x36":"","menu-48x48":"","mailpoet_newsletter_max":""},"post_excerpt_stackable_v2":"<p>Opublikowano 5 wrze\u015bnia 2013 o godzinie 15:39 autor\u00a0Iwona Mickiewicz Sprawno\u015b\u0107 motoryczna(zestawienie bibliograficzne) Ksi\u0105\u017cki: Szopa Jan, Mleczko Edward, \u017bak Stanis\u0142aw: Podstawy antropomotoryki.&nbsp; \u2013 Wyd. 2. \u2013 Warszawa ; Krak\u00f3w : Wydaw. Naukowe PWN, 2000 (W 51912)Talaga Zbigniew: Sprawno\u015b\u0107 fizyczna og\u00f3lna : testy. Zysk i S-ka, cop. 2004. (W 53778)Zdrowie i sprawno\u015b\u0107 motoryczna w kulturze fizycznej dzieci i m\u0142odzie\u017cy \/ red. Mariusz Zasada ; Wy\u017csza Szko\u0142a Pedagog. w Bydgoszczy. \u2013 Bydgoszcz : Wydaw. WSP, 1999. (W 49311) Artyku\u0142y z czasopism Aktywno\u015bc fizyczna os\u00f3b starszych \/ Natalia Morgulec, Andrzej Kosmol.\/\/ Kultura Fizyczna. \u2013 2007, nr 1\/2, s. 31-32Aktywno\u015b\u0107 fizyczna spo\u0142ecze\u0144stwa polskiego na tle&hellip;<\/p>\n","category_list_v2":"<a href=\"https:\/\/bpostrow.pl\/uk\/kategoria\/zestawienia\/\" rel=\"category tag\">Zestawienia bibliograficzne<\/a>","author_info_v2":{"name":"c2FicmFtZWs=","url":"https:\/\/bpostrow.pl\/uk\/author\/c2ficmftzws-2\/"},"comments_num_v2":"0 \u043a\u043e\u043c\u0435\u043d\u0442\u0430\u0440\u0456\u0432","_links":{"self":[{"href":"https:\/\/bpostrow.pl\/uk\/wp-json\/wp\/v2\/posts\/18796","targetHints":{"allow":["GET"]}}],"collection":[{"href":"https:\/\/bpostrow.pl\/uk\/wp-json\/wp\/v2\/posts"}],"about":[{"href":"https:\/\/bpostrow.pl\/uk\/wp-json\/wp\/v2\/types\/post"}],"author":[{"embeddable":true,"href":"https:\/\/bpostrow.pl\/uk\/wp-json\/wp\/v2\/users\/205"}],"replies":[{"embeddable":true,"href":"https:\/\/bpostrow.pl\/uk\/wp-json\/wp\/v2\/comments?post=18796"}],"version-history":[{"count":3,"href":"https:\/\/bpostrow.pl\/uk\/wp-json\/wp\/v2\/posts\/18796\/revisions"}],"predecessor-version":[{"id":28795,"href":"https:\/\/bpostrow.pl\/uk\/wp-json\/wp\/v2\/posts\/18796\/revisions\/28795"}],"wp:attachment":[{"href":"https:\/\/bpostrow.pl\/uk\/wp-json\/wp\/v2\/media?parent=18796"}],"wp:term":[{"taxonomy":"category","embeddable":true,"href":"https:\/\/bpostrow.pl\/uk\/wp-json\/wp\/v2\/categories?post=18796"},{"taxonomy":"post_tag","embeddable":true,"href":"https:\/\/bpostrow.pl\/uk\/wp-json\/wp\/v2\/tags?post=18796"}],"curies":[{"name":"wp","href":"https:\/\/api.w.org\/{rel}","templated":true}]}}