{"id":18805,"date":"2022-02-03T15:05:30","date_gmt":"2022-02-03T14:05:30","guid":{"rendered":"https:\/\/ostrow-mazowiecki.bpm.wrotamazowsza.pl\/?p=18805"},"modified":"2024-10-09T15:52:25","modified_gmt":"2024-10-09T13:52:25","slug":"zkolnictwo-zawodowe-a-rynek-pracy","status":"publish","type":"post","link":"https:\/\/bpostrow.pl\/uk\/zkolnictwo-zawodowe-a-rynek-pracy\/","title":{"rendered":"SZKOLNICTWO ZAWODOWE A RYNEK PRACY"},"content":{"rendered":"\n<p>Opublikowano 14 pa\u017adziernika 2014 o godzinie 15:44 autor\u00a0Edyta Dobek<\/p>\n\n\n\n<p><strong>SZKOLNICTWO ZAWODOWE A RYNEK PRACY<br><\/strong>Zestawienie bibliograficzne ksi\u0105\u017cek i artyku\u0142\u00f3w z czasopism dost\u0119pnych<br>w Bibliotece Pedagogicznej w Ostro\u0142\u0119ce<strong>Ksi\u0105\u017cki<\/strong><\/p>\n\n\n\n<hr class=\"wp-block-separator\" \/>\n\n\n\n<ol class=\"wp-block-list\"><li>Edukacja szans\u0105 aktywizacji lokalnego rynku pracy \/ pod red. Urszuli Puli\u0144skiej. \u2013 Olsztyn : Wydawnictwo Uniwersytetu Warmi\u0144sko-Mazurskiego, 2010. P 68635<\/li><li>Kompetencje zawodowe m\u0142odych : mo\u017cliwo\u015bci szkolnictwa zawodowego a potrzeby pracodawc\u00f3w \/ Marcin K\u0119sy. \u2013 Krak\u00f3w : Wydawnictwo Uniwersytetu Jagiello\u0144skiego, cop. 2008. W 62198<\/li><li>Rynek i kultura neoliberalna a edukacja : praca zbiorowa \/ pod red. nauk. Alicji Kargulowej, Stefana M. Kwiatkowskiego i Tomasza Szkudlarka ; Uniwersytet Zielonog\u00f3rski w Zielonej G\u00f3rze. \u2013 Krak\u00f3w : Impuls, 2005. W 54594<\/li><li>Szko\u0142a a rynek pracy : podr\u0119cznik akademicki \/ red. nauk. Andrzej Bogaj, Stefan M. Kwiatkowski. \u2013 Warszawa : Pa\u0144stwowe Wydawnictwo Naukowe, 2006. P 58072<\/li><\/ol>\n\n\n\n<p><strong>Artyku\u0142y z czasopism<\/strong><\/p>\n\n\n\n<hr class=\"wp-block-separator\" \/>\n\n\n\n<ol class=\"wp-block-list\"><li>Antynomie edukacji \u2013 rynek pracy \/ Zdzis\u0142aw Wo\u0142k.\/\/ Edukacja Ustawiczna Doros\u0142ych. \u2013 2012, nr 1, s. 25-27<\/li><li>Badania kariery i edukacji technicznej \u2013 ACTER \/ Henryk Bednarczyk, Katarzyna Skoczylas.\/\/ Edukacja Ustawiczna Doros\u0142ych. \u2013 2011, nr 2, s. 7-14<\/li><li>Badania rynku pracy wsparciem dla kszta\u0142cenia zawodowego \/ El\u017cbieta Ciepucha.\/\/ Edukacja Ustawiczna Doros\u0142ych. \u2013 2012, nr 1, s. 93-105<\/li><li>Czego pracodawcy oczekuj\u0105 od absolwent\u00f3w? \/ Monika Dawid-Sawicka.\/\/ Dyrektor Szko\u0142y. \u2013 2013, nr 12, s. 78-79<\/li><li>Dobre praktyki dotycz\u0105ce kszta\u0142cenia zawodowego w aspekcie transgranicznego rynku pracy \/ Tadeusz Popowicz.\/\/ Dyrektor Szko\u0142y. \u2013 2010, nr 2, s. 24-26<\/li><li>Edukacja a rynek pracy \u2013 problemy tera\u017aniejszo\u015bci, wyzwania przysz\u0142o\u015bci \/ Jerzy Ambro\u017cy.\/\/ Edukacja Ustawiczna Doros\u0142ych. \u2013 2012, nr 4, s. 87-99<\/li><li>Edukacja i szkolenia 2010 \u2013 post\u0119p w realizacji celu : wzrost zdolno\u015bci do zatrudnienia \/ wyb\u00f3r i oprac. Jolanta Religa.\/\/ Pedagogika Pracy. \u2013 2009, nr 55, s. 103-110<\/li><li>Edukacja zawodowa a rynek pracy: my\u015bli niedoko\u0144czone \/ Waldemar Furmanek.\/\/ Edukacja Ustawiczna Doros\u0142ych. \u2013 2012, nr 1, s. 15-20<\/li><li>Edukacja zawodowa i rynek pracy w perspektywie teoretycznej \/ Jerzy Stochmia\u0142ek.\/\/ Edukacja Ustawiczna Doros\u0142ych. \u2013 2012, nr 1, s. 32-36<\/li><li>Inicjatywy Mi\u0119dzynarodowego Stowarzyszenia Edukacji Zawodowej i Szkole\u0144 \/ Katarzyna Skoczylas, Henryk Bednarczyk.\/\/ Edukacja Ustawiczna Doros\u0142ych. \u2013 2011, nr 1, s. 58-66<\/li><li>Kompetencje przysz\u0142o\u015bci jako wyznacznik sukcesu zawodowego \/ Daniel Kukla, Wioletta Duda.\/\/ Edukacja Ustawiczna Doros\u0142ych. \u2013 2012, nr 4, s. 46-60<\/li><li>Ko\u0144czymy studia i co dalej? \/ Wies\u0142aw Tomczyk.\/\/ Edukacja Ustawiczna Doros\u0142ych. \u2013 2013, nr 2, s. 113-122<\/li><li>Kszta\u0142cenie zawodowe \u2013 egzaminy zewn\u0119trzne \u2013 rynek pracy \/ Lucja Orzechowska, Helena Sutyniec.\/\/ Dyrektor Szko\u0142y. \u2013 2005, nr 3, s. 12-13<\/li><li>Kszta\u0142towanie kompetencji spo\u0142ecznych w obecnym systemie edukacji zawodowej oraz ich znaczenie dla funkcjonowania m\u0142odych ludzi na rynku pracy \u2013 raport z bada\u0144 Polskiej Fundacji Dzieci i M\u0142odzie\u017cy \/ Jaros\u0142aw Chojecki, Wojciech Pieni\u0105\u017cek ; oprac. Arkadiusz Brzezi\u0144ski.\/\/ Meritum. \u2013 2011, nr 1, s. 12-20<\/li><li>Mi\u0119dzynarodowe projekty ustawicznej edukacji zawodowej \/ Dorota Koprowska, Jolanta Religa.\/\/ Edukacja Ustawiczna Doros\u0142ych. \u2013 2012, nr 3, s. 29-40<\/li><li>O niekt\u00f3rych przyczynach (nie)dopasowania kompetencyjnego m\u0142odych doros\u0142ych na rynku pracy \/ Hanna Solarczyk-Szwec.\/\/ Edukacja Ustawiczna Doros\u0142ych. \u2013 2013, nr 2, s. 123-132<\/li><li>O pewnych dysfunkcjach kszta\u0142cenia zawodowego \/ Andrzej Bogaj.\/\/ Edukacja Ustawiczna Doros\u0142ych. \u2013 2010, nr 1, s. 17-24<\/li><li>Paradoksy w my\u015bleniu nad zale\u017cno\u015bciami pomi\u0119dzy edukacj\u0105 a rynkiem pracy \/ Kazimierz Wenta.\/\/ Edukacja Ustawiczna Doros\u0142ych. \u2013 2012, nr 1, s. 28-31<\/li><li>Pedagogika pracy wobec problem\u00f3w rynku pracy i wsp\u00f3\u0142pracy mi\u0119dzynarodowej \/ Henryk Bednarczyk.\/\/ Edukacja Ustawiczna Doros\u0142ych. \u2013 2012, nr 1, s. 10-13<\/li><li>Podej\u015bcie kompetencyjne w przygotowaniu cz\u0142owieka do efektywnego funkcjonowania we wsp\u00f3\u0142czesnych warunkach cywilizacyjnych \/ Jurij Pavlov.\/\/ Wychowanie Na Co Dzie\u0144. \u2013 2013, nr 4\/5, s. 7-9<\/li><li>Prognozy rynku pracy dla edukacji \u2013 studium przypadku dla regionu \u0142\u00f3dzkiego \/ Jakub Stempie\u0144.\/\/ Dyrektor Szko\u0142y. \u2013 2011, nr 7, s. 17-22<\/li><li>Rola Centrum Kszta\u0142cenia Praktycznego w edukacji dla rynku pracy \/ Wies\u0142aw Rogala.\/\/ Meritum. \u2013 2009, nr 3, s. 59-60<\/li><li>Rola systemu edukacji w dostarczaniu kwalifikacji poszukiwanych przez pracodawc\u00f3w: analiza przypadku wojew\u00f3dztwa pomorskiego \/ Tomasz Gajderowicz, Gabriela Grotkowska, Leszek Wincenciak.\/\/ Edukacja. \u2013 2013, nr 2, s. 5-19<\/li><li>Sytuacja na rynku pracy os\u00f3b z niepe\u0142nosprawno\u015bci\u0105 intelektualn\u0105 w stopniu lekkim po uko\u0144czeniu nauki w szkole zawodowej \/ Micha\u0142 J. Gacek, Jolanta Nycz.\/\/ Niepe\u0142nosprawno\u015b\u0107 i Rehabilitacja. \u2013 2014, nr 2. s. 95-106<\/li><li>Szkolna edukacja zawodowa w aspekcie zatrudnienia \/ Urszula Jeruszka.\/\/ Studia Pedagogiczne. \u2013 2012, T. 65, s. 217-233<\/li><li>Szkolnictwo zawodowe \u2013 diagnoza stanu oraz mo\u017cliwo\u015bci rozwoju \/ J\u00f3zef G\u00f3rniewicz.\/\/ Wychowanie Na Co Dzie\u0144. \u2013 2012, nr 9, s. 8-11<\/li><li>Szkolny system poradnictwa kariery zawodowej a oczekiwania rynku pracy \/ Ma\u0142gorzata Krawczyk-Blicharska.\/\/ Studia Pedagogiczne. \u2013 2012, T. 65, s. 373-388<\/li><li>Szko\u0142a a rynek pracy : podr\u0119cznik akademicki \/ red. nauk. Andrzej Bogaj, Stefan M. Kwiatkowski. \u2013 Warszawa : Pa\u0144stwowe Wydawnictwo Naukowe, 2006.<\/li><li>Ustawiczna edukacja zawodowa wobec europejskiego rynku pracy i kszta\u0142cenia \/ Henryk Bednarczyk.\/\/ Edukacja Ustawiczna Doros\u0142ych. \u2013 2007, nr 3, s. 40-47<\/li><li>W poszukiwaniu szerszego modelu przygotowania m\u0142odzie\u017cy do wyzwa\u0144 doros\u0142o\u015bci \/ Krzysztof Linowski.\/\/ Edukacja Ustawiczna Doros\u0142ych. \u2013 2013, nr 4, s. 114-131<\/li><li>Wsp\u00f3\u0142praca szk\u00f3\u0142 zawodowych ze \u015brodowiskiem biznesu: od teorii do dobrej praktyki \/ Aleksandra Kulpa-Puczy\u0144ska.\/\/ Edukacja Ustawiczna Doros\u0142ych. \u2013 2012, nr 4, s. 77-86<\/li><li>Wyb\u00f3r zawodu w kszta\u0142ceniu zawodowym \u2013 prognozowanie cyklu kszta\u0142cenia na potrzeby rynku pracy \/ Kazimierz Mikulski.\/\/ Edukacja Ustawiczna Doros\u0142ych. \u2013 2009, nr 4, s. 101-110<\/li><li>Wymagania, kwalifikacje i modu\u0142owa technologia kszta\u0142cenia specjalist\u00f3w zaawansowanych technologii przemys\u0142owych \/ Krzysztof Symela.\/\/ Edukacja Ustawiczna Doros\u0142ych .- 2012, nr 3, s. 54-64<\/li><li>Zastosowanie projektowania ak[s]jomatycznego do opracowania modu\u0142owego program\u00f3w kszta\u0142cenia \/ Tomasz Giesko.\/\/ Edukacja Ustawiczna Doros\u0142ych. \u2013 2012, nr 4, s. 112-119<\/li><\/ol>\n","protected":false},"excerpt":{"rendered":"<p>Opublikowano 14 pa\u017adziernika 2014 o godzinie 15:44 autor\u00a0Edyta Dobek SZKOLNICTWO ZAWODOWE A RYNEK PRACYZestawienie bibliograficzne ksi\u0105\u017cek i artyku\u0142\u00f3w z czasopism [&hellip;]<\/p>\n","protected":false},"author":205,"featured_media":0,"comment_status":"closed","ping_status":"closed","sticky":false,"template":"","format":"standard","meta":{"_acf_changed":false,"_oasis_is_in_workflow":0,"_oasis_original":0,"inline_featured_image":false,"site-sidebar-layout":"default","site-content-layout":"","ast-site-content-layout":"default","site-content-style":"default","site-sidebar-style":"default","ast-global-header-display":"","ast-banner-title-visibility":"","ast-main-header-display":"","ast-hfb-above-header-display":"","ast-hfb-below-header-display":"","ast-hfb-mobile-header-display":"","site-post-title":"","ast-breadcrumbs-content":"","ast-featured-img":"","footer-sml-layout":"","ast-disable-related-posts":"","theme-transparent-header-meta":"","adv-header-id-meta":"","stick-header-meta":"","header-above-stick-meta":"","header-main-stick-meta":"","header-below-stick-meta":"","astra-migrate-meta-layouts":"set","ast-page-background-enabled":"default","ast-page-background-meta":{"desktop":{"background-color":"","background-image":"","background-repeat":"repeat","background-position":"center center","background-size":"auto","background-attachment":"scroll","background-type":"","background-media":"","overlay-type":"","overlay-color":"","overlay-opacity":"","overlay-gradient":""},"tablet":{"background-color":"","background-image":"","background-repeat":"repeat","background-position":"center center","background-size":"auto","background-attachment":"scroll","background-type":"","background-media":"","overlay-type":"","overlay-color":"","overlay-opacity":"","overlay-gradient":""},"mobile":{"background-color":"","background-image":"","background-repeat":"repeat","background-position":"center center","background-size":"auto","background-attachment":"scroll","background-type":"","background-media":"","overlay-type":"","overlay-color":"","overlay-opacity":"","overlay-gradient":""}},"ast-content-background-meta":{"desktop":{"background-color":"var(--ast-global-color-5)","background-image":"","background-repeat":"repeat","background-position":"center center","background-size":"auto","background-attachment":"scroll","background-type":"","background-media":"","overlay-type":"","overlay-color":"","overlay-opacity":"","overlay-gradient":""},"tablet":{"background-color":"var(--ast-global-color-5)","background-image":"","background-repeat":"repeat","background-position":"center center","background-size":"auto","background-attachment":"scroll","background-type":"","background-media":"","overlay-type":"","overlay-color":"","overlay-opacity":"","overlay-gradient":""},"mobile":{"background-color":"var(--ast-global-color-5)","background-image":"","background-repeat":"repeat","background-position":"center center","background-size":"auto","background-attachment":"scroll","background-type":"","background-media":"","overlay-type":"","overlay-color":"","overlay-opacity":"","overlay-gradient":""}},"_themeisle_gutenberg_block_has_review":false,"footnotes":""},"categories":[49],"tags":[],"class_list":["post-18805","post","type-post","status-publish","format-standard","hentry","category-zestawienia"],"acf":[],"featured_image_urls_v2":{"full":"","thumbnail":"","medium":"","medium_large":"","large":"","1536x1536":"","2048x2048":"","menu-24x24":"","menu-36x36":"","menu-48x48":"","mailpoet_newsletter_max":""},"post_excerpt_stackable_v2":"<p>Opublikowano 14 pa\u017adziernika 2014 o godzinie 15:44 autor\u00a0Edyta Dobek SZKOLNICTWO ZAWODOWE A RYNEK PRACYZestawienie bibliograficzne ksi\u0105\u017cek i artyku\u0142\u00f3w z czasopism dost\u0119pnychw Bibliotece Pedagogicznej w Ostro\u0142\u0119ceKsi\u0105\u017cki Edukacja szans\u0105 aktywizacji lokalnego rynku pracy \/ pod red. Urszuli Puli\u0144skiej. \u2013 Olsztyn : Wydawnictwo Uniwersytetu Warmi\u0144sko-Mazurskiego, 2010. P 68635Kompetencje zawodowe m\u0142odych : mo\u017cliwo\u015bci szkolnictwa zawodowego a potrzeby pracodawc\u00f3w \/ Marcin K\u0119sy. \u2013 Krak\u00f3w : Wydawnictwo Uniwersytetu Jagiello\u0144skiego, cop. 2008. W 62198Rynek i kultura neoliberalna a edukacja : praca zbiorowa \/ pod red. nauk. Alicji Kargulowej, Stefana M. Kwiatkowskiego i Tomasza Szkudlarka ; Uniwersytet Zielonog\u00f3rski w Zielonej G\u00f3rze. \u2013 Krak\u00f3w : Impuls, 2005. W 54594Szko\u0142a&hellip;<\/p>\n","category_list_v2":"<a href=\"https:\/\/bpostrow.pl\/uk\/kategoria\/zestawienia\/\" rel=\"category tag\">Zestawienia bibliograficzne<\/a>","author_info_v2":{"name":"c2FicmFtZWs=","url":"https:\/\/bpostrow.pl\/uk\/author\/c2ficmftzws-2\/"},"comments_num_v2":"0 \u043a\u043e\u043c\u0435\u043d\u0442\u0430\u0440\u0456\u0432","_links":{"self":[{"href":"https:\/\/bpostrow.pl\/uk\/wp-json\/wp\/v2\/posts\/18805","targetHints":{"allow":["GET"]}}],"collection":[{"href":"https:\/\/bpostrow.pl\/uk\/wp-json\/wp\/v2\/posts"}],"about":[{"href":"https:\/\/bpostrow.pl\/uk\/wp-json\/wp\/v2\/types\/post"}],"author":[{"embeddable":true,"href":"https:\/\/bpostrow.pl\/uk\/wp-json\/wp\/v2\/users\/205"}],"replies":[{"embeddable":true,"href":"https:\/\/bpostrow.pl\/uk\/wp-json\/wp\/v2\/comments?post=18805"}],"version-history":[{"count":4,"href":"https:\/\/bpostrow.pl\/uk\/wp-json\/wp\/v2\/posts\/18805\/revisions"}],"predecessor-version":[{"id":28786,"href":"https:\/\/bpostrow.pl\/uk\/wp-json\/wp\/v2\/posts\/18805\/revisions\/28786"}],"wp:attachment":[{"href":"https:\/\/bpostrow.pl\/uk\/wp-json\/wp\/v2\/media?parent=18805"}],"wp:term":[{"taxonomy":"category","embeddable":true,"href":"https:\/\/bpostrow.pl\/uk\/wp-json\/wp\/v2\/categories?post=18805"},{"taxonomy":"post_tag","embeddable":true,"href":"https:\/\/bpostrow.pl\/uk\/wp-json\/wp\/v2\/tags?post=18805"}],"curies":[{"name":"wp","href":"https:\/\/api.w.org\/{rel}","templated":true}]}}