{"id":18890,"date":"2022-02-03T16:14:34","date_gmt":"2022-02-03T15:14:34","guid":{"rendered":"https:\/\/ostrow-mazowiecki.bpm.wrotamazowsza.pl\/?p=18890"},"modified":"2024-10-09T15:17:40","modified_gmt":"2024-10-09T13:17:40","slug":"depresja-psychiczna-zestawienie-bibliograficzne-2","status":"publish","type":"post","link":"https:\/\/bpostrow.pl\/uk\/depresja-psychiczna-zestawienie-bibliograficzne-2\/","title":{"rendered":"DEPRESJA PSYCHICZNA \u2013 ZESTAWIENIE BIBLIOGRAFICZNE"},"content":{"rendered":"\n<p>Opublikowano 29 pa\u017adziernika 2018 o godzinie 13:15 autor\u00a0BP w Ostrowi Mazowieckiej<\/p>\n\n\n\n<p>Depresja psychiczna\u00a0\u2013 zestawienie bibliograficzne<\/p>\n\n\n\n<ol class=\"wp-block-list\"><li>Depresyjne dzieci depresyjnych rodzic\u00f3w \/ Aleksandra Pilarska. \/\/ Problemy Opieku\u0144czo-Wychowawcze. \u2013 2010, nr 2, s. 36-42<\/li><li>Smutni od zawsze \/ Grzegorz Gustaw. \/\/ Charaktery. \u2013 2012, nr 11, s. 50-55<\/li><li>Sezon na depresj\u0119 \/ Michael Terman ; rozm. przepr. Aleksander Kr\u00f3l. \/\/ Charaktery. \u2013 2010, nr 2, s. 90-92<\/li><li>W poszukiwaniu spo\u0142ecznej koncepcji depresji \/ Dorota Rancew-Sikora. \/\/ Studia Socjologiczne. \u2013 2012, nr 3, s. 81-104<\/li><li>Depresja \u2013 nie oceniam. Akceptuj\u0119 \/ Aleksandra Kubala\u2013Kulpi\u0144ska. \/\/ G\u0142os Pedagogiczny. -2016, nr 5, s. 44-46<\/li><li>Ulotka dla rodzic\u00f3w dzieci z depresj\u0105. \/\/ G\u0142os Pedagogiczny. \u2013 2014, nr 11, s. 38<\/li><li>Sk\u0105d si\u0119 bierze zimowy smutek? \/ Natalia Tadych, Tomasz Han\u0107. \/\/ Remedium. \u2013 2011, nr 3, s. 26-27<\/li><li>Nie ka\u017cdy smutek to depresja \/ Artur Cedro ; rozm. przepr. Piotr \u017bak. \/\/ Charaktery. \u2013 2011, nr 11, s. 26-28<\/li><li>Emocje z odcieni jesieni \/ Agnieszka Chrzanowska. \/\/ Charaktery. \u2013 2011, nr 11, s. 16-25<\/li><li>Zaprzyja\u017ani\u0107 si\u0119 z depresj\u0105? \/ Agnieszka Andrzejczak. \/\/ Biblioterapeuta. \u2013 2015,&nbsp; nr 2, s. 11-21<\/li><li>Profilaktyka depresji jako zadanie dla szko\u0142y \/ Justyna Mielnik. \/\/ Remedium. \u2013 2014, nr 1, s. 17-18<\/li><li>Zapobieganie depresji ulotka dla nastoletnich uczni\u00f3w \/ Alicja Strzelecka-Lemiech. \/\/ G\u0142os Pedagogiczny \u2013 2012, nr 11 (43), s. 28<\/li><li>Podejrzenie depresji \u2013 rozmowa z uczniem \/ Alicja Strzelecka-Lemiech. \/\/ G\u0142os Pedagogiczny. \u2013 2012, nr 11 (43), s. 26-27<\/li><li>Depresja nastolatk\u00f3w : ulotka dla rodzic\u00f3w \/ Ma\u0142gorzata \u0141oskot. \/\/ G\u0142os Pedagogiczny \u2013 2012, nr 11 (43), s. 29<\/li><li>Ucze\u0144 w depresji \/ Alicja Strzelecka-Lemiech. \/\/ G\u0142os Pedagogiczny \u2013 2012, nr 11 (43), 4-8<\/li><li>Jak chroni\u0107 uczni\u00f3w przed depresj\u0105? \/ Tomasz Garstka. \/\/ Dyrektor Szko\u0142y. \u2013 2013, nr 10, s. 48-52<\/li><li>Rola szko\u0142y w rozpoznawaniu depresji uczni\u00f3w \/ Justyna Mielnik. \/\/ Remedium. \u2013 2013, nr 12, s. 26-27<\/li><li>Smutny ucze\u0144 \/ Wies\u0142aw Sikorski. \/\/ Psychologia w Szkole. \u2013 2012, nr 2, s. 134-142<\/li><li>Gdy \u017cycie traci sens \/ Maria Dubiel. \/\/ Wychowawca. \u2013 2014, nr 2, s. 23-25<\/li><li>Choroba czy z\u0142e samopoczucie : rozmowa z dr Barbar\u0105 Arsk\u0105-Kary\u0142owsk\u0105, psychologiem dzieci\u0119cym, o tym, jak rozpozna\u0107 depresj\u0119 u dziecka \/ rozmawia\u0142a Kamila Seku\u0142owicz. \/\/ Doradca Nauczyciela Przedszkola. \u2013 2012, nr 10 (12), s. 10-14<\/li><li>Choroba czy z\u0142e samopoczucie? \/ Barbara Arska-Kary\u0142owska ; rozm. przepr. Kamila Seku\u0142owicz. \/\/ G\u0142os Pedagogiczny \u2013 2012, nr 11 (43), s. 9-11<\/li><li>Czy depresja sezonowa wyst\u0119puje u dzieci? \/ Natalia Tadych, Tomasz Han\u0107. \/\/ Remedium. \u2013 2011, nr 4, s. 26-27<\/li><li>Obserwuj\u0119, nazywam, uprawomocniam \u2013 o profilaktyce depresji w\u015br\u00f3d dzieci i m\u0142odzie\u017cy \/ Julia Kawalec. \/\/ Edukacja i Dialog. \u2013 2015, nr 3\/4, s. 48-50<\/li><li>Depresja u dzieci i m\u0142odzie\u017cy \/ Marta Komorowska. \/\/ Remedium. \u2013 2010, nr 6, s. 8-9<\/li><li>Etiologia depresji u dzieci i m\u0142odzie\u017cy \/ Justyna Mielnik. \/\/ Remedium. \u2013 2013, nr 11, s. 22-23<\/li><li>Symptomy depresji u dzieci i m\u0142odzie\u017cy \/ Magdalena Goetz. \/\/ Dyrektor Szko\u0142y. \u2013 2015, nr 12, s. 58-61<\/li><li>Dzieci rodzic\u00f3w choruj\u0105cych na depresj\u0119 \/ Natalia Rapp, Maja Vogt-Kostecka. \/\/ Remedium. \u2013 2016, nr 11, s. 6-8<\/li><li>Zaburzenia depresyjne u dzieci i m\u0142odzie\u017cy \/ Ma\u0142gorzata Ku\u015bpit. \/\/ Remedium. \u2013 2016, nr 11, s. 1-5<\/li><li>\u015arodowisko rodzinne a depresja \/ Anna Wantu\u0142a. \/\/ Remedium. \u2013 2017, nr 5, s. 17-20<\/li><li>Depresja dzieci\u0119co-m\u0142odzie\u017cowa \u2013 kryteria diagnostyczne \/ Ma\u0142gorzata \u0141oskot. \/\/ G\u0142os Pedagogiczny \u2013 2012, nr 11 (43), s. 24-25<\/li><li>Depresja u nastolatk\u00f3w \/ Paulina K\u0142os-Wojtczak. \/\/ Wiedza i \u017bycie. \u2013 2017, nr 12, s. 50-52<\/li><li>Ucze\u0144 z objawami depresji \/ Ma\u0142gorzata \u0141uba. \/\/ G\u0142os Pedagogiczny. \u2013 2018,nr 9 (101), s. 20-23<\/li><li>Depresja nastolatk\u00f3w \/ Konrad Ambroziak. \/\/ Wychowanie Fizyczne i Zdrowotne. \u2013 2018, nr 3, s. 12-13<\/li><li>Depresja nastolatk\u00f3w \/ Konrad Ambroziak. \/\/ Biologia w Szkole. \u2013 2018, nr 3, s. 46-47<\/li><li>Depresja nastolatk\u00f3w \/ Konrad Ambroziak. \/\/ Matematyka. \u2013 2018, nr 3, s. 54-55<\/li><li>Rado\u015b\u0107 \u017cycia czyli jak zwyci\u0119\u017cy\u0107 depresj\u0119 : terapia zaburze\u0144 nastroju \/ David D. Burns ; przedm. Aaron T. Beck ; t\u0142. Krzysztof Mazurek. \u2013 Pozna\u0144 : Zysk i S-ka Wydawnictwo cop. 2010.&nbsp;<strong>W 33755<\/strong><\/li><li>Dziecko z depresj\u0105 w szkole i przedszkolu : informacje dla pedagog\u00f3w i opiekun\u00f3w \/ Monika Turno. \u2013 Warszawa : O\u015brodek Rozwoju Edukacji 2010.&nbsp;<strong>W 1291 br.<\/strong><\/li><\/ol>\n","protected":false},"excerpt":{"rendered":"<p>Opublikowano 29 pa\u017adziernika 2018 o godzinie 13:15 autor\u00a0BP w Ostrowi Mazowieckiej Depresja psychiczna\u00a0\u2013 zestawienie bibliograficzne Depresyjne dzieci depresyjnych rodzic\u00f3w \/ [&hellip;]<\/p>\n","protected":false},"author":205,"featured_media":0,"comment_status":"closed","ping_status":"closed","sticky":false,"template":"","format":"standard","meta":{"_acf_changed":false,"_oasis_is_in_workflow":0,"_oasis_original":0,"inline_featured_image":false,"site-sidebar-layout":"default","site-content-layout":"","ast-site-content-layout":"default","site-content-style":"default","site-sidebar-style":"default","ast-global-header-display":"","ast-banner-title-visibility":"","ast-main-header-display":"","ast-hfb-above-header-display":"","ast-hfb-below-header-display":"","ast-hfb-mobile-header-display":"","site-post-title":"","ast-breadcrumbs-content":"","ast-featured-img":"","footer-sml-layout":"","ast-disable-related-posts":"","theme-transparent-header-meta":"","adv-header-id-meta":"","stick-header-meta":"","header-above-stick-meta":"","header-main-stick-meta":"","header-below-stick-meta":"","astra-migrate-meta-layouts":"default","ast-page-background-enabled":"default","ast-page-background-meta":{"desktop":{"background-color":"","background-image":"","background-repeat":"repeat","background-position":"center center","background-size":"auto","background-attachment":"scroll","background-type":"","background-media":"","overlay-type":"","overlay-color":"","overlay-opacity":"","overlay-gradient":""},"tablet":{"background-color":"","background-image":"","background-repeat":"repeat","background-position":"center center","background-size":"auto","background-attachment":"scroll","background-type":"","background-media":"","overlay-type":"","overlay-color":"","overlay-opacity":"","overlay-gradient":""},"mobile":{"background-color":"","background-image":"","background-repeat":"repeat","background-position":"center center","background-size":"auto","background-attachment":"scroll","background-type":"","background-media":"","overlay-type":"","overlay-color":"","overlay-opacity":"","overlay-gradient":""}},"ast-content-background-meta":{"desktop":{"background-color":"var(--ast-global-color-5)","background-image":"","background-repeat":"repeat","background-position":"center center","background-size":"auto","background-attachment":"scroll","background-type":"","background-media":"","overlay-type":"","overlay-color":"","overlay-opacity":"","overlay-gradient":""},"tablet":{"background-color":"var(--ast-global-color-5)","background-image":"","background-repeat":"repeat","background-position":"center center","background-size":"auto","background-attachment":"scroll","background-type":"","background-media":"","overlay-type":"","overlay-color":"","overlay-opacity":"","overlay-gradient":""},"mobile":{"background-color":"var(--ast-global-color-5)","background-image":"","background-repeat":"repeat","background-position":"center center","background-size":"auto","background-attachment":"scroll","background-type":"","background-media":"","overlay-type":"","overlay-color":"","overlay-opacity":"","overlay-gradient":""}},"_themeisle_gutenberg_block_has_review":false,"footnotes":""},"categories":[49],"tags":[],"class_list":["post-18890","post","type-post","status-publish","format-standard","hentry","category-zestawienia"],"acf":[],"featured_image_urls_v2":{"full":"","thumbnail":"","medium":"","medium_large":"","large":"","1536x1536":"","2048x2048":"","menu-24x24":"","menu-36x36":"","menu-48x48":"","mailpoet_newsletter_max":""},"post_excerpt_stackable_v2":"<p>Opublikowano 29 pa\u017adziernika 2018 o godzinie 13:15 autor\u00a0BP w Ostrowi Mazowieckiej Depresja psychiczna\u00a0\u2013 zestawienie bibliograficzne Depresyjne dzieci depresyjnych rodzic\u00f3w \/ Aleksandra Pilarska. \/\/ Problemy Opieku\u0144czo-Wychowawcze. \u2013 2010, nr 2, s. 36-42Smutni od zawsze \/ Grzegorz Gustaw. \/\/ Charaktery. \u2013 2012, nr 11, s. 50-55Sezon na depresj\u0119 \/ Michael Terman ; rozm. przepr. Aleksander Kr\u00f3l. \/\/ Charaktery. \u2013 2010, nr 2, s. 90-92W poszukiwaniu spo\u0142ecznej koncepcji depresji \/ Dorota Rancew-Sikora. \/\/ Studia Socjologiczne. \u2013 2012, nr 3, s. 81-104Depresja \u2013 nie oceniam. Akceptuj\u0119 \/ Aleksandra Kubala\u2013Kulpi\u0144ska. \/\/ G\u0142os Pedagogiczny. -2016, nr 5, s. 44-46Ulotka dla rodzic\u00f3w dzieci z depresj\u0105. \/\/ G\u0142os&hellip;<\/p>\n","category_list_v2":"<a href=\"https:\/\/bpostrow.pl\/uk\/kategoria\/zestawienia\/\" rel=\"category tag\">Zestawienia bibliograficzne<\/a>","author_info_v2":{"name":"c2FicmFtZWs=","url":"https:\/\/bpostrow.pl\/uk\/author\/c2ficmftzws-2\/"},"comments_num_v2":"0 \u043a\u043e\u043c\u0435\u043d\u0442\u0430\u0440\u0456\u0432","_links":{"self":[{"href":"https:\/\/bpostrow.pl\/uk\/wp-json\/wp\/v2\/posts\/18890","targetHints":{"allow":["GET"]}}],"collection":[{"href":"https:\/\/bpostrow.pl\/uk\/wp-json\/wp\/v2\/posts"}],"about":[{"href":"https:\/\/bpostrow.pl\/uk\/wp-json\/wp\/v2\/types\/post"}],"author":[{"embeddable":true,"href":"https:\/\/bpostrow.pl\/uk\/wp-json\/wp\/v2\/users\/205"}],"replies":[{"embeddable":true,"href":"https:\/\/bpostrow.pl\/uk\/wp-json\/wp\/v2\/comments?post=18890"}],"version-history":[{"count":3,"href":"https:\/\/bpostrow.pl\/uk\/wp-json\/wp\/v2\/posts\/18890\/revisions"}],"predecessor-version":[{"id":28567,"href":"https:\/\/bpostrow.pl\/uk\/wp-json\/wp\/v2\/posts\/18890\/revisions\/28567"}],"wp:attachment":[{"href":"https:\/\/bpostrow.pl\/uk\/wp-json\/wp\/v2\/media?parent=18890"}],"wp:term":[{"taxonomy":"category","embeddable":true,"href":"https:\/\/bpostrow.pl\/uk\/wp-json\/wp\/v2\/categories?post=18890"},{"taxonomy":"post_tag","embeddable":true,"href":"https:\/\/bpostrow.pl\/uk\/wp-json\/wp\/v2\/tags?post=18890"}],"curies":[{"name":"wp","href":"https:\/\/api.w.org\/{rel}","templated":true}]}}